{"id":108984,"date":"2025-06-16T10:24:15","date_gmt":"2025-06-16T15:24:15","guid":{"rendered":"https:\/\/sertv.gob.pa\/nacionalfm\/?p=108984"},"modified":"2025-06-16T10:24:15","modified_gmt":"2025-06-16T15:24:15","slug":"aduanas-presente-en-reunion-multisectorial-que-busca-posicionar-a-panama-como-hub-farmaceutico","status":"publish","type":"post","link":"https:\/\/sertv.gob.pa\/nacionalfm\/aduanas-presente-en-reunion-multisectorial-que-busca-posicionar-a-panama-como-hub-farmaceutico\/","title":{"rendered":"Aduanas presente en Reuni\u00f3n Multisectorial que busca posicionar a Panam\u00e1, como Hub Farmac\u00e9utico"},"content":{"rendered":"<p><em><strong>Con la intenci\u00f3n de posicionar a Panam\u00e1 como un Hub Regional Farmac\u00e9utico y de Dispositivos M\u00e9dicos, se efectu\u00f3 en fecha reciente, la Mesa de Trabajo 2 \u2013 Ensayos Cl\u00ednicos, con la participaci\u00f3n de la Subdirectora T\u00e9cnica de Aduanas, Carmen Tapia, y de representantes de las distintas instituciones nacionales vinculadas al sector salud.<\/strong><\/em><\/p>\n<p><strong>Esta iniciativa, bajo la coordinaci\u00f3n del Ministerio de Salud de Panam\u00e1, a trav\u00e9s de la Direcci\u00f3n Nacional de Salud P\u00fablica y la Unidad de Regulaci\u00f3n de Investigaci\u00f3n para la Salud, tiene como fin, conformar un ente estrat\u00e9gico que aglutine instalaciones multisectoriales para el an\u00e1lisis de los ensayos cl\u00ednicos y la capacitaci\u00f3n de personal especializado en la actividad farmac\u00e9utica.<\/strong><\/p>\n<p><strong>Cabe enfatizar, que por medio de esta iniciativa, se pretende fortalecer la industria farmac\u00e9utica nacional, consolidando a Panam\u00e1, como centro de producci\u00f3n, etiquetado, conservaci\u00f3n y distribuci\u00f3n de medicamentos, trayendo beneficios fiscales e incentivando a los inversionistas de este sector para el apalancamiento de la industria farmac\u00e9utica y potenciar la econom\u00eda nacional.<\/strong><\/p>\n<p>&nbsp;<\/p>\n<p>&nbsp;<\/p>\n","protected":false},"excerpt":{"rendered":"<p>Con la intenci\u00f3n de posicionar a Panam\u00e1 como un Hub <a href=\"https:\/\/sertv.gob.pa\/nacionalfm\/aduanas-presente-en-reunion-multisectorial-que-busca-posicionar-a-panama-como-hub-farmaceutico\/\"> [&#8230;]<\/a><\/p>\n","protected":false},"author":9,"featured_media":108985,"comment_status":"closed","ping_status":"closed","sticky":false,"template":"","format":"standard","meta":{"footnotes":""},"categories":[2],"tags":[],"class_list":["post-108984","post","type-post","status-publish","format-standard","has-post-thumbnail","hentry","category-nacionales"],"_links":{"self":[{"href":"https:\/\/sertv.gob.pa\/nacionalfm\/wp-json\/wp\/v2\/posts\/108984","targetHints":{"allow":["GET"]}}],"collection":[{"href":"https:\/\/sertv.gob.pa\/nacionalfm\/wp-json\/wp\/v2\/posts"}],"about":[{"href":"https:\/\/sertv.gob.pa\/nacionalfm\/wp-json\/wp\/v2\/types\/post"}],"author":[{"embeddable":true,"href":"https:\/\/sertv.gob.pa\/nacionalfm\/wp-json\/wp\/v2\/users\/9"}],"replies":[{"embeddable":true,"href":"https:\/\/sertv.gob.pa\/nacionalfm\/wp-json\/wp\/v2\/comments?post=108984"}],"version-history":[{"count":2,"href":"https:\/\/sertv.gob.pa\/nacionalfm\/wp-json\/wp\/v2\/posts\/108984\/revisions"}],"predecessor-version":[{"id":108987,"href":"https:\/\/sertv.gob.pa\/nacionalfm\/wp-json\/wp\/v2\/posts\/108984\/revisions\/108987"}],"wp:featuredmedia":[{"embeddable":true,"href":"https:\/\/sertv.gob.pa\/nacionalfm\/wp-json\/wp\/v2\/media\/108985"}],"wp:attachment":[{"href":"https:\/\/sertv.gob.pa\/nacionalfm\/wp-json\/wp\/v2\/media?parent=108984"}],"wp:term":[{"taxonomy":"category","embeddable":true,"href":"https:\/\/sertv.gob.pa\/nacionalfm\/wp-json\/wp\/v2\/categories?post=108984"},{"taxonomy":"post_tag","embeddable":true,"href":"https:\/\/sertv.gob.pa\/nacionalfm\/wp-json\/wp\/v2\/tags?post=108984"}],"curies":[{"name":"wp","href":"https:\/\/api.w.org\/{rel}","templated":true}]}}