{"id":108988,"date":"2025-06-16T10:41:16","date_gmt":"2025-06-16T15:41:16","guid":{"rendered":"https:\/\/sertv.gob.pa\/nacionalfm\/?p=108988"},"modified":"2025-06-16T10:41:16","modified_gmt":"2025-06-16T15:41:16","slug":"martinez-acha-inicia-historica-visita-oficial-al-reino-de-marruecos-este-lunes","status":"publish","type":"post","link":"https:\/\/sertv.gob.pa\/nacionalfm\/martinez-acha-inicia-historica-visita-oficial-al-reino-de-marruecos-este-lunes\/","title":{"rendered":"Mart\u00ednez-Acha, inicia hist\u00f3rica visita oficial al Reino de Marruecos, este lunes"},"content":{"rendered":"<p><em><strong>El ministro de Relaciones Exteriores de Panam\u00e1, Javier Mart\u00ednez-Acha V\u00e1squez, inicia este lunes, 16 de junio, una hist\u00f3rica visita oficial al Reino de Marruecos porque es la primera ocasi\u00f3n en que un jefe de la diplomacia paname\u00f1a, llega a ese pa\u00eds del norte de \u00c1frica, desde el establecimiento de relaciones hace casi tres d\u00e9cadas.<\/strong><\/em><\/p>\n<p><strong>Durante esta visita oficial, se reunir\u00e1 con el ministro de Asuntos Exteriores de Marruecos, Nasser Bourita; el ministro de Industria y Comercio, Ryad Mezzou; y con el presidente de la C\u00e1mara de Representantes, Rachid Talib El Alami.<\/strong><\/p>\n<p><strong>Con la visita del canciller paname\u00f1o a Marruecos, se fortalecer\u00e1 el marco jur\u00eddico que rige las relaciones entre Marruecos y Panam\u00e1 y se activar\u00e1 el mecanismo de consultas pol\u00edticas entre los Ministerios de Asuntos Exteriores de los dos pa\u00edses.<\/strong><\/p>\n<p><strong>Es importante mencionar, que Panam\u00e1 y Marruecos, buscan afianzar su cooperaci\u00f3n bilateral en sectores como: el desarrollo verde, la diversificaci\u00f3n y la transici\u00f3n energ\u00e9tica, la agricultura y la seguridad alimentaria, la pesca, la gesti\u00f3n de los recursos h\u00eddricos, el turismo, la sanidad, las infraestructuras portuarias y la cooperaci\u00f3n t\u00e9cnica.<\/strong><\/p>\n<p><strong>En esta ocasi\u00f3n, la agenda tambi\u00e9n incluye, una visita a la ciudad portuaria de Casablanca.<\/strong><\/p>\n","protected":false},"excerpt":{"rendered":"<p>El ministro de Relaciones Exteriores de Panam\u00e1, Javier Mart\u00ednez-Acha V\u00e1squez, <a href=\"https:\/\/sertv.gob.pa\/nacionalfm\/martinez-acha-inicia-historica-visita-oficial-al-reino-de-marruecos-este-lunes\/\"> [&#8230;]<\/a><\/p>\n","protected":false},"author":9,"featured_media":108989,"comment_status":"closed","ping_status":"closed","sticky":false,"template":"","format":"standard","meta":{"footnotes":""},"categories":[2],"tags":[],"class_list":["post-108988","post","type-post","status-publish","format-standard","has-post-thumbnail","hentry","category-nacionales"],"_links":{"self":[{"href":"https:\/\/sertv.gob.pa\/nacionalfm\/wp-json\/wp\/v2\/posts\/108988","targetHints":{"allow":["GET"]}}],"collection":[{"href":"https:\/\/sertv.gob.pa\/nacionalfm\/wp-json\/wp\/v2\/posts"}],"about":[{"href":"https:\/\/sertv.gob.pa\/nacionalfm\/wp-json\/wp\/v2\/types\/post"}],"author":[{"embeddable":true,"href":"https:\/\/sertv.gob.pa\/nacionalfm\/wp-json\/wp\/v2\/users\/9"}],"replies":[{"embeddable":true,"href":"https:\/\/sertv.gob.pa\/nacionalfm\/wp-json\/wp\/v2\/comments?post=108988"}],"version-history":[{"count":1,"href":"https:\/\/sertv.gob.pa\/nacionalfm\/wp-json\/wp\/v2\/posts\/108988\/revisions"}],"predecessor-version":[{"id":108990,"href":"https:\/\/sertv.gob.pa\/nacionalfm\/wp-json\/wp\/v2\/posts\/108988\/revisions\/108990"}],"wp:featuredmedia":[{"embeddable":true,"href":"https:\/\/sertv.gob.pa\/nacionalfm\/wp-json\/wp\/v2\/media\/108989"}],"wp:attachment":[{"href":"https:\/\/sertv.gob.pa\/nacionalfm\/wp-json\/wp\/v2\/media?parent=108988"}],"wp:term":[{"taxonomy":"category","embeddable":true,"href":"https:\/\/sertv.gob.pa\/nacionalfm\/wp-json\/wp\/v2\/categories?post=108988"},{"taxonomy":"post_tag","embeddable":true,"href":"https:\/\/sertv.gob.pa\/nacionalfm\/wp-json\/wp\/v2\/tags?post=108988"}],"curies":[{"name":"wp","href":"https:\/\/api.w.org\/{rel}","templated":true}]}}