{"id":108991,"date":"2025-06-16T11:36:29","date_gmt":"2025-06-16T16:36:29","guid":{"rendered":"https:\/\/sertv.gob.pa\/nacionalfm\/?p=108991"},"modified":"2025-06-16T11:45:31","modified_gmt":"2025-06-16T16:45:31","slug":"para-resolver-problematica-establecen-nuevo-manejo-del-sistema-de-agua-en-los-caipis-en-provincia-de-herrera","status":"publish","type":"post","link":"https:\/\/sertv.gob.pa\/nacionalfm\/para-resolver-problematica-establecen-nuevo-manejo-del-sistema-de-agua-en-los-caipis-en-provincia-de-herrera\/","title":{"rendered":"Para resolver problem\u00e1tica, establecen nuevo manejo del sistema de agua en los CAIPI, en provincia de Herrera"},"content":{"rendered":"<p><em><strong>Personal de la Junta T\u00e9cnica de la provincia de Herrera, en coordinaci\u00f3n con el Ministerio de Desarrollo Social de Panam\u00e1 (MIDES), el Centro de Operaciones de Emergencia (COE), efectuaron una reuni\u00f3n con representantes del Ministerio de Salud (MINSA), la Gobernaci\u00f3n, el Sistema Nacional de Protecci\u00f3n Civil (SINAPROC), Instituto Nacional de Acueductos y Alcantarillados Nacionales (IDAAN) y el Benem\u00e9rito Cuerpo de Bomberos, con la finalidad de abordar la problem\u00e1tica relacionada con el suministro de agua en los Centros de Atenci\u00f3n Integral a la Primera Infancia (CAIPI).<\/strong><\/em><\/p>\n<p><strong>Como resultado de esta reuni\u00f3n interinstitucional, se estableci\u00f3 la implementaci\u00f3n de un nuevo esquema de manejo del sistema de agua en los Centros de Atenci\u00f3n Integral a la Primera Infancia (CAIPI), con el prop\u00f3sito de garantizar la salubridad y continuidad del servicio.<\/strong><\/p>\n<p><strong>Entre las principales medidas adoptadas, se encuentra el cierre inmediato de las llaves de paso de la red principal que alimenta los tanques de reserva, como acci\u00f3n preventiva ante posibles riesgos sanitarios.<\/strong><\/p>\n<p><strong>Al mismo tiempo, se desarrollar\u00e1n trabajos de limpieza y desinfecci\u00f3n de los tanques de reserva y de las l\u00edneas internas de distribuci\u00f3n en cada centro a fin de dar garant\u00eda para un suministro seguro. El IDAAN, en coordinaci\u00f3n con el Benem\u00e9rito Cuerpo de Bomberos, suplir\u00e1 agua potable de forma inmediata, proveniente de pozos certificados por el MINSA.<\/strong><\/p>\n<p><strong>Adem\u00e1s de eso, el MINSA, supervisar\u00e1 los sistemas de agua en los CAIPI, as\u00ed como el estado de salud de los ni\u00f1os, con el fin de detectar cualquier afectaci\u00f3n relacionada con esta situaci\u00f3n.<\/strong><\/p>\n<p><strong>En ambas provincias, hay m\u00e1s de 20 CAIPI con una atenci\u00f3n que supera los 500 ni\u00f1os menores de cuatro a\u00f1os.<\/strong><\/p>\n<p><em><strong>Es importante resaltar, que el MIDES, como ente responsable de la operaci\u00f3n de los CAIPI en la provincia, estar\u00e1 a cargo del seguimiento y coordinaci\u00f3n de estas acciones, en estrecha colaboraci\u00f3n con las dem\u00e1s instituciones. Este esfuerzo conjunto, forma parte del plan de respuesta del COE para asegurar el acceso a agua segura y de calidad, protegiendo la salud de los ni\u00f1os, ni\u00f1as y el personal que labora en los centros.<\/strong><\/em><\/p>\n","protected":false},"excerpt":{"rendered":"<p>Personal de la Junta T\u00e9cnica de la provincia de Herrera, <a href=\"https:\/\/sertv.gob.pa\/nacionalfm\/para-resolver-problematica-establecen-nuevo-manejo-del-sistema-de-agua-en-los-caipis-en-provincia-de-herrera\/\"> [&#8230;]<\/a><\/p>\n","protected":false},"author":9,"featured_media":108992,"comment_status":"closed","ping_status":"closed","sticky":false,"template":"","format":"standard","meta":{"footnotes":""},"categories":[2],"tags":[],"class_list":["post-108991","post","type-post","status-publish","format-standard","has-post-thumbnail","hentry","category-nacionales"],"_links":{"self":[{"href":"https:\/\/sertv.gob.pa\/nacionalfm\/wp-json\/wp\/v2\/posts\/108991","targetHints":{"allow":["GET"]}}],"collection":[{"href":"https:\/\/sertv.gob.pa\/nacionalfm\/wp-json\/wp\/v2\/posts"}],"about":[{"href":"https:\/\/sertv.gob.pa\/nacionalfm\/wp-json\/wp\/v2\/types\/post"}],"author":[{"embeddable":true,"href":"https:\/\/sertv.gob.pa\/nacionalfm\/wp-json\/wp\/v2\/users\/9"}],"replies":[{"embeddable":true,"href":"https:\/\/sertv.gob.pa\/nacionalfm\/wp-json\/wp\/v2\/comments?post=108991"}],"version-history":[{"count":5,"href":"https:\/\/sertv.gob.pa\/nacionalfm\/wp-json\/wp\/v2\/posts\/108991\/revisions"}],"predecessor-version":[{"id":108997,"href":"https:\/\/sertv.gob.pa\/nacionalfm\/wp-json\/wp\/v2\/posts\/108991\/revisions\/108997"}],"wp:featuredmedia":[{"embeddable":true,"href":"https:\/\/sertv.gob.pa\/nacionalfm\/wp-json\/wp\/v2\/media\/108992"}],"wp:attachment":[{"href":"https:\/\/sertv.gob.pa\/nacionalfm\/wp-json\/wp\/v2\/media?parent=108991"}],"wp:term":[{"taxonomy":"category","embeddable":true,"href":"https:\/\/sertv.gob.pa\/nacionalfm\/wp-json\/wp\/v2\/categories?post=108991"},{"taxonomy":"post_tag","embeddable":true,"href":"https:\/\/sertv.gob.pa\/nacionalfm\/wp-json\/wp\/v2\/tags?post=108991"}],"curies":[{"name":"wp","href":"https:\/\/api.w.org\/{rel}","templated":true}]}}