{"id":10900,"date":"2016-02-25T18:11:59","date_gmt":"2016-02-25T18:11:59","guid":{"rendered":""},"modified":"2016-02-25T18:11:59","modified_gmt":"2016-02-25T18:11:59","slug":"corazon-magnetico-es-implantado-en-una-menor-por-primera-vez","status":"publish","type":"post","link":"https:\/\/sertv.gob.pa\/nacionalfm\/corazon-magnetico-es-implantado-en-una-menor-por-primera-vez\/","title":{"rendered":"Coraz\u00f3n magn\u00e9tico es implantado en una menor por primera vez"},"content":{"rendered":"<p>\nM\u00e9dicos del Hospital Bambin Ges\u00fa de Roma han implantado un coraz\u00f3n artificial magn\u00e9tico en una joven de 16 a\u00f1os, una operaci\u00f3n que supone &lsquo;la primera de este tipo en un menor en el mundo&#8217;, seg\u00fan inform\u00f3 personal del hospital. <\/p>\n<p>La operaci\u00f3n se llev\u00f3 a cabo el pasado 7 de enero, pero no fue comunicada hasta ayer, y se realiz\u00f3 ante el peligro de que la paciente pudiera sufrir un infarto debido a que padec\u00eda una miocardiopat\u00eda dilatada severa y se hallaba a la espera de un trasplante de coraz\u00f3n. <\/p>\n<p>La intervenci\u00f3n corri\u00f3 a cargo de un equipo m\u00e9dico dirigido por el doctor Antonio Amodeo y supone &lsquo;la primera vez en el mundo en la que un dispositivo es implantado con \u00e9xito en un paciente pedi\u00e1trico&#8217;. <\/p>\n<p>&lsquo;El nuevo dispositivo magn\u00e9tico ofrec\u00eda garant\u00edas mayores en t\u00e9rminos de eficacia de supervivencia y la joven, s\u00f3lo 16 horas luego de la intervenci\u00f3n, se encontraba despierta y en \u00f3ptimas condiciones&#8217;, afirm\u00f3 Amodeo. <\/p>\n<p>\u00a0 <\/p>\n","protected":false},"excerpt":{"rendered":"<p>M\u00e9dicos del Hospital Bambin Ges\u00fa de Roma han implantado un <a href=\"https:\/\/sertv.gob.pa\/nacionalfm\/corazon-magnetico-es-implantado-en-una-menor-por-primera-vez\/\"> [&#8230;]<\/a><\/p>\n","protected":false},"author":1,"featured_media":10901,"comment_status":"closed","ping_status":"closed","sticky":false,"template":"","format":"standard","meta":{"footnotes":""},"categories":[5],"tags":[],"class_list":["post-10900","post","type-post","status-publish","format-standard","has-post-thumbnail","hentry","category-salud"],"_links":{"self":[{"href":"https:\/\/sertv.gob.pa\/nacionalfm\/wp-json\/wp\/v2\/posts\/10900","targetHints":{"allow":["GET"]}}],"collection":[{"href":"https:\/\/sertv.gob.pa\/nacionalfm\/wp-json\/wp\/v2\/posts"}],"about":[{"href":"https:\/\/sertv.gob.pa\/nacionalfm\/wp-json\/wp\/v2\/types\/post"}],"author":[{"embeddable":true,"href":"https:\/\/sertv.gob.pa\/nacionalfm\/wp-json\/wp\/v2\/users\/1"}],"replies":[{"embeddable":true,"href":"https:\/\/sertv.gob.pa\/nacionalfm\/wp-json\/wp\/v2\/comments?post=10900"}],"version-history":[{"count":0,"href":"https:\/\/sertv.gob.pa\/nacionalfm\/wp-json\/wp\/v2\/posts\/10900\/revisions"}],"wp:featuredmedia":[{"embeddable":true,"href":"https:\/\/sertv.gob.pa\/nacionalfm\/wp-json\/wp\/v2\/media\/10901"}],"wp:attachment":[{"href":"https:\/\/sertv.gob.pa\/nacionalfm\/wp-json\/wp\/v2\/media?parent=10900"}],"wp:term":[{"taxonomy":"category","embeddable":true,"href":"https:\/\/sertv.gob.pa\/nacionalfm\/wp-json\/wp\/v2\/categories?post=10900"},{"taxonomy":"post_tag","embeddable":true,"href":"https:\/\/sertv.gob.pa\/nacionalfm\/wp-json\/wp\/v2\/tags?post=10900"}],"curies":[{"name":"wp","href":"https:\/\/api.w.org\/{rel}","templated":true}]}}