{"id":109011,"date":"2025-06-16T14:38:12","date_gmt":"2025-06-16T19:38:12","guid":{"rendered":"https:\/\/sertv.gob.pa\/nacionalfm\/?p=109011"},"modified":"2025-06-16T14:38:12","modified_gmt":"2025-06-16T19:38:12","slug":"minsa-fortalece-la-vigilancia-sanitaria-del-agua-en-los-santos","status":"publish","type":"post","link":"https:\/\/sertv.gob.pa\/nacionalfm\/minsa-fortalece-la-vigilancia-sanitaria-del-agua-en-los-santos\/","title":{"rendered":"MINSA fortalece la vigilancia sanitaria del agua en Los Santos"},"content":{"rendered":"<p><em><strong>Ante la declaratoria de emergencia ambiental en la regi\u00f3n de Azuero, debido a la contaminaci\u00f3n del r\u00edo La Villa y sus afluentes, el personal del Ministerio de Salud (MINSA), ha fortalecido las acciones de vigilancia sanitaria, en la provincia de Los Santos, a fin de asegurar que el agua suministrada a la poblaci\u00f3n, cumpla con los par\u00e1metros m\u00ednimos de calidad.<\/strong><\/em><\/p>\n<p><strong>Bajo la coordinaci\u00f3n de Antonio Manuel Gonz\u00e1lez, director regional del MINSA, Los Santos, el Departamento de Salud P\u00fablica y el Laboratorio de Calidad de Agua, han intensificado los operativos de evaluaci\u00f3n en los distritos de Los Santos, Guarar\u00e9 y Las Tablas, enfoc\u00e1ndose en la medici\u00f3n de cloro residual y otros par\u00e1metros fisicoqu\u00edmicos en pozos, carros cisterna y tanques de reserva.<\/strong><\/p>\n<p><strong>Una menci\u00f3n especial merece la planta potabilizadora Rufina Alfaro, donde el equipo t\u00e9cnico del MINSA, lleva a cabo de forma constante, evaluaciones microbiol\u00f3gicas especializadas y mantiene un monitoreo diario sobre la calidad del agua tratada. Como parte de las medidas preventivas, el Ministerio de Salud, recomienda a la poblaci\u00f3n, hervir el agua proveniente de la planta Rufina Alfaro entre 3 a 5 minutos antes de consumirla, para garantizar su inocuidad.<\/strong><\/p>\n<p><strong>Durante el operativo se han logrado los siguientes avances:<\/strong><\/p>\n<p><strong>-Verificaci\u00f3n de 12 tanques de reserva de 10,000 litros, instalados en puntos clave como el Parque Rufina Alfaro, Llano Largo, Cruz Roja en La Villa, La Enea (Guarar\u00e9), Parque de Macaracas y diversos sectores de Las Tablas.<\/strong><\/p>\n<p><strong>-Evaluaci\u00f3n sanitaria de carros cisterna con capacidad de 10,000 galones, que reparten agua clorada a comunidades afectadas.<\/strong><\/p>\n<p><strong>-Inspecci\u00f3n de 20 pozos comunitarios rehabilitados, adem\u00e1s de 3 pozos administrados por el IDAAN, localizados en Santa Isabel, V\u00eda Uverito y el Centro de Formaci\u00f3n CEFCA del Hospital Joaqu\u00edn Pablo Franco Sayas.<\/strong><\/p>\n<p><strong>-Realizaci\u00f3n de 46 evaluaciones t\u00e9cnicas en la red de distribuci\u00f3n de las plantas Rufina Alfaro, Macaracas y Llano de Piedra.<\/strong><\/p>\n<p><strong>El Ministerio de Salud, reitera su compromiso con la protecci\u00f3n de la salud p\u00fablica y continuar\u00e1 ejecutando acciones coordinadas para garantizar el suministro de agua segura a la poblaci\u00f3n. Se exhorta a la ciudadan\u00eda a seguir las indicaciones oficiales y mantenerse informada a trav\u00e9s de los canales institucionales.<\/strong><\/p>\n","protected":false},"excerpt":{"rendered":"<p>Ante la declaratoria de emergencia ambiental en la regi\u00f3n de <a href=\"https:\/\/sertv.gob.pa\/nacionalfm\/minsa-fortalece-la-vigilancia-sanitaria-del-agua-en-los-santos\/\"> [&#8230;]<\/a><\/p>\n","protected":false},"author":9,"featured_media":109012,"comment_status":"closed","ping_status":"closed","sticky":false,"template":"","format":"standard","meta":{"footnotes":""},"categories":[2],"tags":[],"class_list":["post-109011","post","type-post","status-publish","format-standard","has-post-thumbnail","hentry","category-nacionales"],"_links":{"self":[{"href":"https:\/\/sertv.gob.pa\/nacionalfm\/wp-json\/wp\/v2\/posts\/109011","targetHints":{"allow":["GET"]}}],"collection":[{"href":"https:\/\/sertv.gob.pa\/nacionalfm\/wp-json\/wp\/v2\/posts"}],"about":[{"href":"https:\/\/sertv.gob.pa\/nacionalfm\/wp-json\/wp\/v2\/types\/post"}],"author":[{"embeddable":true,"href":"https:\/\/sertv.gob.pa\/nacionalfm\/wp-json\/wp\/v2\/users\/9"}],"replies":[{"embeddable":true,"href":"https:\/\/sertv.gob.pa\/nacionalfm\/wp-json\/wp\/v2\/comments?post=109011"}],"version-history":[{"count":1,"href":"https:\/\/sertv.gob.pa\/nacionalfm\/wp-json\/wp\/v2\/posts\/109011\/revisions"}],"predecessor-version":[{"id":109013,"href":"https:\/\/sertv.gob.pa\/nacionalfm\/wp-json\/wp\/v2\/posts\/109011\/revisions\/109013"}],"wp:featuredmedia":[{"embeddable":true,"href":"https:\/\/sertv.gob.pa\/nacionalfm\/wp-json\/wp\/v2\/media\/109012"}],"wp:attachment":[{"href":"https:\/\/sertv.gob.pa\/nacionalfm\/wp-json\/wp\/v2\/media?parent=109011"}],"wp:term":[{"taxonomy":"category","embeddable":true,"href":"https:\/\/sertv.gob.pa\/nacionalfm\/wp-json\/wp\/v2\/categories?post=109011"},{"taxonomy":"post_tag","embeddable":true,"href":"https:\/\/sertv.gob.pa\/nacionalfm\/wp-json\/wp\/v2\/tags?post=109011"}],"curies":[{"name":"wp","href":"https:\/\/api.w.org\/{rel}","templated":true}]}}