{"id":109017,"date":"2025-06-17T09:11:47","date_gmt":"2025-06-17T14:11:47","guid":{"rendered":"https:\/\/sertv.gob.pa\/nacionalfm\/?p=109017"},"modified":"2025-06-17T09:11:47","modified_gmt":"2025-06-17T14:11:47","slug":"en-labor-solidaria-se-entregan-6000-botellas-de-agua-en-azuero-como-una-accion-de-empatia-y-compromiso-con-la-poblacion","status":"publish","type":"post","link":"https:\/\/sertv.gob.pa\/nacionalfm\/en-labor-solidaria-se-entregan-6000-botellas-de-agua-en-azuero-como-una-accion-de-empatia-y-compromiso-con-la-poblacion\/","title":{"rendered":"En labor solidaria, se entregan 6,000 botellas de agua en Azuero: como una acci\u00f3n de empat\u00eda y compromiso con la poblaci\u00f3n"},"content":{"rendered":"<p><em><strong>Ante la crisis h\u00eddrica que afecta a diversas comunidades de Azuero, el equipo del Despacho de la Primera Dama de Panam\u00e1, se traslad\u00f3 en fecha reciente, a la regi\u00f3n con la intenci\u00f3n de ofrecer una respuesta humanitaria inmediata. En representaci\u00f3n del presidente de la Rep\u00fablica y con un firme compromiso social, la Primera Dama, Maricel Cohen de Mulino, acompa\u00f1\u00f3 a las familias afectadas para reiterarles que no est\u00e1n solas y que su bienestar es una prioridad.<\/strong><\/em><\/p>\n<p><strong>Como parte de esta labor solidaria, se distribuyeron 6,000 botellas de agua potable, con el prop\u00f3sito de aliviar provisionalmente, la situaci\u00f3n y cubrir necesidades b\u00e1sicas urgentes. Esta entrega, simboliza el compromiso del Gobierno Nacional de actuar con empat\u00eda y prontitud frente a las necesidades de la poblaci\u00f3n.<\/strong><\/p>\n<p><strong>Es importante destacar, que la jornada fue posible gracias a un esfuerzo interinstitucional que incluy\u00f3 a IDAAN, SINAPROC, CONADES, INATI, ACODECO, MITRADEL, ATT, MOP, Registro P\u00fablico, MIDES, AMP, AMPYME, BDA y el Plan Libertad del Ministerio de Gobierno. Estas entidades, han articulado una log\u00edstica eficiente que permite llevar agua potable a los puntos m\u00e1s cr\u00edticos de la regi\u00f3n.<\/strong><\/p>\n<p><strong>El Despacho de la Primera Dama, reitera su compromiso de ir m\u00e1s all\u00e1 de la atenci\u00f3n de emergencias, trabajando de manera activa en la promoci\u00f3n de soluciones sostenibles que garanticen el acceso seguro al agua en todo el pa\u00eds.<\/strong><\/p>\n<p>&nbsp;<\/p>\n","protected":false},"excerpt":{"rendered":"<p>Ante la crisis h\u00eddrica que afecta a diversas comunidades de <a href=\"https:\/\/sertv.gob.pa\/nacionalfm\/en-labor-solidaria-se-entregan-6000-botellas-de-agua-en-azuero-como-una-accion-de-empatia-y-compromiso-con-la-poblacion\/\"> [&#8230;]<\/a><\/p>\n","protected":false},"author":9,"featured_media":109018,"comment_status":"closed","ping_status":"closed","sticky":false,"template":"","format":"standard","meta":{"footnotes":""},"categories":[2],"tags":[],"class_list":["post-109017","post","type-post","status-publish","format-standard","has-post-thumbnail","hentry","category-nacionales"],"_links":{"self":[{"href":"https:\/\/sertv.gob.pa\/nacionalfm\/wp-json\/wp\/v2\/posts\/109017","targetHints":{"allow":["GET"]}}],"collection":[{"href":"https:\/\/sertv.gob.pa\/nacionalfm\/wp-json\/wp\/v2\/posts"}],"about":[{"href":"https:\/\/sertv.gob.pa\/nacionalfm\/wp-json\/wp\/v2\/types\/post"}],"author":[{"embeddable":true,"href":"https:\/\/sertv.gob.pa\/nacionalfm\/wp-json\/wp\/v2\/users\/9"}],"replies":[{"embeddable":true,"href":"https:\/\/sertv.gob.pa\/nacionalfm\/wp-json\/wp\/v2\/comments?post=109017"}],"version-history":[{"count":1,"href":"https:\/\/sertv.gob.pa\/nacionalfm\/wp-json\/wp\/v2\/posts\/109017\/revisions"}],"predecessor-version":[{"id":109019,"href":"https:\/\/sertv.gob.pa\/nacionalfm\/wp-json\/wp\/v2\/posts\/109017\/revisions\/109019"}],"wp:featuredmedia":[{"embeddable":true,"href":"https:\/\/sertv.gob.pa\/nacionalfm\/wp-json\/wp\/v2\/media\/109018"}],"wp:attachment":[{"href":"https:\/\/sertv.gob.pa\/nacionalfm\/wp-json\/wp\/v2\/media?parent=109017"}],"wp:term":[{"taxonomy":"category","embeddable":true,"href":"https:\/\/sertv.gob.pa\/nacionalfm\/wp-json\/wp\/v2\/categories?post=109017"},{"taxonomy":"post_tag","embeddable":true,"href":"https:\/\/sertv.gob.pa\/nacionalfm\/wp-json\/wp\/v2\/tags?post=109017"}],"curies":[{"name":"wp","href":"https:\/\/api.w.org\/{rel}","templated":true}]}}