{"id":109020,"date":"2025-06-17T09:41:22","date_gmt":"2025-06-17T14:41:22","guid":{"rendered":"https:\/\/sertv.gob.pa\/nacionalfm\/?p=109020"},"modified":"2025-06-17T09:41:22","modified_gmt":"2025-06-17T14:41:22","slug":"panama-y-marruecos-reafirman-compromiso-mutuo-de-fortalecer-y-diversificar-las-relaciones-bilaterales","status":"publish","type":"post","link":"https:\/\/sertv.gob.pa\/nacionalfm\/panama-y-marruecos-reafirman-compromiso-mutuo-de-fortalecer-y-diversificar-las-relaciones-bilaterales\/","title":{"rendered":"Panam\u00e1 y Marruecos reafirman compromiso mutuo de fortalecer y diversificar las relaciones bilaterales"},"content":{"rendered":"<p><em><strong>El ministro de Relaciones Exteriores de Panam\u00e1, Javier Mart\u00ednez-Acha V\u00e1squez, sostuvo este lunes, una reuni\u00f3n en Rabat con Nasser Bourita, Ministro de Asuntos Exteriores de Marruecos, a quien hizo entrega de un mensaje del presidente de Panam\u00e1, Jos\u00e9 Ra\u00fal Mulino a Su Majestad, Mohammed VI, en el que reafirma el compromiso mutuo de fortalecer y diversificar las relaciones bilaterales que hist\u00f3ricamente han unido a los pa\u00edses en un s\u00f3lido marco de respeto, amistad y cooperaci\u00f3n.<\/strong><\/em><\/p>\n<p><strong>El mensaje del presidente Mulino, reafirm\u00f3, adem\u00e1s, la condici\u00f3n de Neutralidad Permanente del Canal, destacando su papel clave en la conectividad mar\u00edtima internacional y el compromiso de Panam\u00e1, con su resguardo soberano como bien p\u00fablico global.<\/strong><\/p>\n<p><strong>Durante la reuni\u00f3n, Mart\u00ednez-Acha V\u00e1squez y Bourita, suscribieron dos instrumentos jur\u00eddicos. El acuerdo de supresi\u00f3n de visado de pasaportes diplom\u00e1ticos y oficiales y la hoja de ruta de cooperaci\u00f3n 2025-2027. Tamb\u00e9n, se llev\u00f3 a cabo, el canje de nota para la entrada en vigor del Acuerdo Marco de Cooperaci\u00f3n.<\/strong><\/p>\n<p><strong>Al t\u00e9rmino de las conversaciones, el canciller Mart\u00ednez-Acha V\u00e1squez, manifest\u00f3 que, la iniciativa de autonom\u00eda propuesta por Marruecos en el 2007, sobre el Sahara marroqu\u00ed, es \u201cla base m\u00e1s seria, cre\u00edble y realista para resolver la disputa regional\u201d. \u201cDebe ser la \u00fanica soluci\u00f3n para el futuro\u00bb, subray\u00f3, destacando el claro apoyo paname\u00f1o al plan de autonom\u00eda como medio para avanzar hacia una soluci\u00f3n duradera al diferendo.<\/strong><\/p>\n<p><strong>Panam\u00e1, se congratul\u00f3 por la primera participaci\u00f3n de Marruecos en EXPOCOMER 2025 y extendi\u00f3 la invitaci\u00f3n para futuras ediciones, reforzando las oportunidades en sectores como: log\u00edstica, agroindustria y tecnolog\u00eda.<\/strong><\/p>\n","protected":false},"excerpt":{"rendered":"<p>El ministro de Relaciones Exteriores de Panam\u00e1, Javier Mart\u00ednez-Acha V\u00e1squez, <a href=\"https:\/\/sertv.gob.pa\/nacionalfm\/panama-y-marruecos-reafirman-compromiso-mutuo-de-fortalecer-y-diversificar-las-relaciones-bilaterales\/\"> [&#8230;]<\/a><\/p>\n","protected":false},"author":9,"featured_media":109021,"comment_status":"closed","ping_status":"closed","sticky":false,"template":"","format":"standard","meta":{"footnotes":""},"categories":[2],"tags":[],"class_list":["post-109020","post","type-post","status-publish","format-standard","has-post-thumbnail","hentry","category-nacionales"],"_links":{"self":[{"href":"https:\/\/sertv.gob.pa\/nacionalfm\/wp-json\/wp\/v2\/posts\/109020","targetHints":{"allow":["GET"]}}],"collection":[{"href":"https:\/\/sertv.gob.pa\/nacionalfm\/wp-json\/wp\/v2\/posts"}],"about":[{"href":"https:\/\/sertv.gob.pa\/nacionalfm\/wp-json\/wp\/v2\/types\/post"}],"author":[{"embeddable":true,"href":"https:\/\/sertv.gob.pa\/nacionalfm\/wp-json\/wp\/v2\/users\/9"}],"replies":[{"embeddable":true,"href":"https:\/\/sertv.gob.pa\/nacionalfm\/wp-json\/wp\/v2\/comments?post=109020"}],"version-history":[{"count":1,"href":"https:\/\/sertv.gob.pa\/nacionalfm\/wp-json\/wp\/v2\/posts\/109020\/revisions"}],"predecessor-version":[{"id":109022,"href":"https:\/\/sertv.gob.pa\/nacionalfm\/wp-json\/wp\/v2\/posts\/109020\/revisions\/109022"}],"wp:featuredmedia":[{"embeddable":true,"href":"https:\/\/sertv.gob.pa\/nacionalfm\/wp-json\/wp\/v2\/media\/109021"}],"wp:attachment":[{"href":"https:\/\/sertv.gob.pa\/nacionalfm\/wp-json\/wp\/v2\/media?parent=109020"}],"wp:term":[{"taxonomy":"category","embeddable":true,"href":"https:\/\/sertv.gob.pa\/nacionalfm\/wp-json\/wp\/v2\/categories?post=109020"},{"taxonomy":"post_tag","embeddable":true,"href":"https:\/\/sertv.gob.pa\/nacionalfm\/wp-json\/wp\/v2\/tags?post=109020"}],"curies":[{"name":"wp","href":"https:\/\/api.w.org\/{rel}","templated":true}]}}