{"id":109023,"date":"2025-06-17T10:26:43","date_gmt":"2025-06-17T15:26:43","guid":{"rendered":"https:\/\/sertv.gob.pa\/nacionalfm\/?p=109023"},"modified":"2025-06-17T10:26:43","modified_gmt":"2025-06-17T15:26:43","slug":"inicia-congreso-de-ingles-basado-en-una-educacion-mas-integral-para-los-docentes","status":"publish","type":"post","link":"https:\/\/sertv.gob.pa\/nacionalfm\/inicia-congreso-de-ingles-basado-en-una-educacion-mas-integral-para-los-docentes\/","title":{"rendered":"Inicia Congreso de Ingl\u00e9s basado en una educaci\u00f3n m\u00e1s integral para los docentes"},"content":{"rendered":"<p>Con el lema &#8216;Competency-Based Education: Transforming English Language Learning&#8217; (Educaci\u00f3n Basada en Competencias: Transformando el Aprendizaje del Ingl\u00e9s), la Direcci\u00f3n Nacional de Ense\u00f1anza de Lengua Extranjera se encuentra desarrollando el Congreso Nacional de Docentes de Ingl\u00e9s, que dio inicio a partir de este lunes16 y finalizar\u00e1 el viernes 20 de junio de 2025.<\/p>\n<p>La ministra de Educaci\u00f3n de Panam\u00e1, Lucy Molinar, quien para esta actividad, cont\u00f3 adem\u00e1s con la presencia de los viceministros Acad\u00e9mico y Administrativo, se\u00f1al\u00f3 que, toda la informaci\u00f3n brindada por los expositores internacionales, est\u00e1 orientada a fortalecer las competencias pedag\u00f3gicas de los educadores, provenientes de diversas regiones educativas.<\/p>\n<p>Durante cinco d\u00edas, este evento reunir\u00e1 a m\u00e1s de 200 docentes de ingl\u00e9s del Ministerio de Educaci\u00f3n y 42 oradores, 7 conferencistas internacionales, que ofrecer\u00e1n 10 sesiones plenarias y 32 talleres pr\u00e1cticos todos orientados a fortalecer las competencias pedag\u00f3gicas de los educadores provenientes de diversas regiones educativas del pa\u00eds.<\/p>\n<p>Al respecto, la directora Nacional de Ense\u00f1anza de Lengua Extranjera, Davina Cole, resalt\u00f3 que, el prop\u00f3sito del congreso, es brindar a los docentes la oportunidad de acceder a metodolog\u00edas actualizadas en la ense\u00f1anza y el aprendizaje del ingl\u00e9s y fortalecer pr\u00e1cticas pedag\u00f3gicas a trav\u00e9s de nuevas estrategias.<\/p>\n<p>Por su parte, el profesor Harry Belefante indic\u00f3 \u201cabrir\u00e1 puertas para nosotros los docentes y para nuestros estudiantes y formar un ingl\u00e9s basado en competencias ling\u00fc\u00edsticas\u00bb.<\/p>\n<p>Los temas que abordar\u00e1n los profesionales ser\u00e1n: dise\u00f1o universal para el aprendizaje, herramientas para mejorar la participaci\u00f3n y el pensamiento cr\u00edtico, la importancia del aprendizaje socioemocional, diferenciaci\u00f3n de la instrucci\u00f3n, entre otros.<\/p>\n<p>En el marco de este encuentro efectuado en el Hotel El Panam\u00e1, se llev\u00f3 a cabo, el lanzamiento del nuevo curr\u00edculo de ingl\u00e9s basado en los planes de estudios para estudiantes de primaria, premedia y media de todo el pa\u00eds, alineado con el Marco Com\u00fan de Referencia.<\/p>\n","protected":false},"excerpt":{"rendered":"<p>Con el lema &#8216;Competency-Based Education: Transforming English Language Learning&#8217; (Educaci\u00f3n <a href=\"https:\/\/sertv.gob.pa\/nacionalfm\/inicia-congreso-de-ingles-basado-en-una-educacion-mas-integral-para-los-docentes\/\"> [&#8230;]<\/a><\/p>\n","protected":false},"author":9,"featured_media":109024,"comment_status":"closed","ping_status":"closed","sticky":false,"template":"","format":"standard","meta":{"footnotes":""},"categories":[2],"tags":[],"class_list":["post-109023","post","type-post","status-publish","format-standard","has-post-thumbnail","hentry","category-nacionales"],"_links":{"self":[{"href":"https:\/\/sertv.gob.pa\/nacionalfm\/wp-json\/wp\/v2\/posts\/109023","targetHints":{"allow":["GET"]}}],"collection":[{"href":"https:\/\/sertv.gob.pa\/nacionalfm\/wp-json\/wp\/v2\/posts"}],"about":[{"href":"https:\/\/sertv.gob.pa\/nacionalfm\/wp-json\/wp\/v2\/types\/post"}],"author":[{"embeddable":true,"href":"https:\/\/sertv.gob.pa\/nacionalfm\/wp-json\/wp\/v2\/users\/9"}],"replies":[{"embeddable":true,"href":"https:\/\/sertv.gob.pa\/nacionalfm\/wp-json\/wp\/v2\/comments?post=109023"}],"version-history":[{"count":2,"href":"https:\/\/sertv.gob.pa\/nacionalfm\/wp-json\/wp\/v2\/posts\/109023\/revisions"}],"predecessor-version":[{"id":109026,"href":"https:\/\/sertv.gob.pa\/nacionalfm\/wp-json\/wp\/v2\/posts\/109023\/revisions\/109026"}],"wp:featuredmedia":[{"embeddable":true,"href":"https:\/\/sertv.gob.pa\/nacionalfm\/wp-json\/wp\/v2\/media\/109024"}],"wp:attachment":[{"href":"https:\/\/sertv.gob.pa\/nacionalfm\/wp-json\/wp\/v2\/media?parent=109023"}],"wp:term":[{"taxonomy":"category","embeddable":true,"href":"https:\/\/sertv.gob.pa\/nacionalfm\/wp-json\/wp\/v2\/categories?post=109023"},{"taxonomy":"post_tag","embeddable":true,"href":"https:\/\/sertv.gob.pa\/nacionalfm\/wp-json\/wp\/v2\/tags?post=109023"}],"curies":[{"name":"wp","href":"https:\/\/api.w.org\/{rel}","templated":true}]}}