{"id":109027,"date":"2025-06-17T10:51:41","date_gmt":"2025-06-17T15:51:41","guid":{"rendered":"https:\/\/sertv.gob.pa\/nacionalfm\/?p=109027"},"modified":"2025-06-17T10:51:41","modified_gmt":"2025-06-17T15:51:41","slug":"en-su-historica-visita-panama-y-marruecos-trazan-alianza-comercial-estrategica-y-exploran-cooperacion-tecnica-y-cientifica","status":"publish","type":"post","link":"https:\/\/sertv.gob.pa\/nacionalfm\/en-su-historica-visita-panama-y-marruecos-trazan-alianza-comercial-estrategica-y-exploran-cooperacion-tecnica-y-cientifica\/","title":{"rendered":"En su hist\u00f3rica visita: Panam\u00e1 y Marruecos trazan alianza comercial estrat\u00e9gica y exploran cooperaci\u00f3n t\u00e9cnica y cient\u00edfica"},"content":{"rendered":"<p><em><strong>Dando seguimiento a la hist\u00f3rica visita que marca la profundizaci\u00f3n de las relaciones comerciales y de cooperaci\u00f3n entre Panam\u00e1 y Marruecos, el ministro de Relaciones Exteriores de Panam\u00e1, Javier Mart\u00ednez-Acha V\u00e1squez, sostuvo este lunes, 16 de junio, dos reuniones claves.<\/strong><\/em><\/p>\n<p><strong>Una, con el secretario de Estado del Comercio Exterior del Ministerio de Industria y Comercio, Omar Hejira, Y otra, con el encargado de la cartera de Equipamiento y Agua del Reino de Marruecos, Nizar Baraka.<\/strong><\/p>\n<p><strong>\u00abEs importante destacar que, Marruecos y Panam\u00e1, el destino los ha unido en un momento muy importante. Ambos pa\u00edses tienen proyectos de infraestructuras muy ambiciosos, como la construcci\u00f3n de ferrocarriles, la ampliaci\u00f3n de los puertos, la interconexi\u00f3n el\u00e9ctrica y, sobre todo, la construcci\u00f3n de grandes hospitales. Es decir, Su Majestad, Mohamed VI, y el presidente Jos\u00e9 Ra\u00fal Mulino, tienen una visi\u00f3n a largo plazo, que buscan la prosperidad de su pueblo\u00bb, apunt\u00f3 el canciller Mart\u00ednez-Acha V\u00e1squez.<\/strong><\/p>\n<p><strong>Esta es la primera vez en la historia de las relaciones entre ambas naciones, que un jefe de la diplomacia paname\u00f1a, realiza una visita oficial a este pa\u00eds y establece una amplia hoja de ruta para profundizar y trabajar en beneficio de ambos pueblos.<\/strong><\/p>\n<p><strong>El canciller Mart\u00ednez-Acha V\u00e1squez, agreg\u00f3 que \u00abha sido una gran coincidencia que las relaciones pol\u00edticas coincidan con dos jefes de Estado que tienen una misma visi\u00f3n para la prosperidad de sus pueblos\u00bb.<\/strong><\/p>\n<p><strong>Entre los puntos abordados con el ministro Hejira, el canciller Mart\u00ednez-Acha V\u00e1squez, impuls\u00f3 la proyecci\u00f3n del Canal como eje estrat\u00e9gico global, reafirm\u00f3 su Neutralidad Permanente y destac\u00f3 el papel esencial de la conectividad mar\u00edtima internacional.<\/strong><\/p>\n<p><strong>Durante esta cita, se trat\u00f3 la cooperaci\u00f3n mar\u00edtima con Marruecos y la plataforma log\u00edstica de Panam\u00e1 para \u00c1frica y Am\u00e9rica. Igualmente, se hizo hincapi\u00e9 en la aprobaci\u00f3n de un tratado de libre comercio que abrir\u00eda nuevos mercados para ambas partes y facilitar\u00eda el acceso mutuo de Am\u00e9rica Latina y el Magreb.<\/strong><\/p>\n<p><strong>Otro de los puntos examinados, fue la cooperaci\u00f3n farmac\u00e9utica y la producci\u00f3n de medicamentos, as\u00ed como potenciar el intercambio comercial, la inversi\u00f3n en sectores estrat\u00e9gicos y la negociaci\u00f3n de un Memor\u00e1ndum de Entendimiento en materia de turismo.<\/strong><\/p>\n<p><strong>Por otro lado, con Baraka, se abord\u00f3 la experiencia y los avances de Marruecos en la desalinizaci\u00f3n de agua marina como fuente alternativa para el abastecimiento en zonas vulnerables y el desarrollo de proyectos de infraestructura h\u00eddrica que permitan llevarla a comunidades sin acceso al agua.<\/strong><\/p>\n<p><strong>\u00abLa idea es crear una carrera acu\u00e1tica con soluciones pr\u00e1cticas y sostenibles, que incluir\u00edan la implementaci\u00f3n de sistemas de bombeo, redes de distribuci\u00f3n, almacenamiento en zonas rurales y cosecha de agua para adaptarse al cambio clim\u00e1tico\u00bb, enfatiz\u00f3 el canciller Mart\u00ednez-Acha V\u00e1squez.<\/strong><\/p>\n<p><strong>Cabe mencionar, que uno de los temas que despert\u00f3 mayor inter\u00e9s en la delegaci\u00f3n paname\u00f1a y marroqu\u00ed, fue la producci\u00f3n de fertilizantes, en la que Marruecos es l\u00edder mundial, y se consider\u00f3 que, mediante mecanismos de cooperaci\u00f3n, se pueden alcanzar importantes beneficios para los productores y as\u00ed fortalecer la seguridad alimentaria de los paname\u00f1os.<\/strong><\/p>\n<p>&nbsp;<\/p>\n","protected":false},"excerpt":{"rendered":"<p>Dando seguimiento a la hist\u00f3rica visita que marca la profundizaci\u00f3n <a href=\"https:\/\/sertv.gob.pa\/nacionalfm\/en-su-historica-visita-panama-y-marruecos-trazan-alianza-comercial-estrategica-y-exploran-cooperacion-tecnica-y-cientifica\/\"> [&#8230;]<\/a><\/p>\n","protected":false},"author":9,"featured_media":109028,"comment_status":"closed","ping_status":"closed","sticky":false,"template":"","format":"standard","meta":{"footnotes":""},"categories":[2],"tags":[],"class_list":["post-109027","post","type-post","status-publish","format-standard","has-post-thumbnail","hentry","category-nacionales"],"_links":{"self":[{"href":"https:\/\/sertv.gob.pa\/nacionalfm\/wp-json\/wp\/v2\/posts\/109027","targetHints":{"allow":["GET"]}}],"collection":[{"href":"https:\/\/sertv.gob.pa\/nacionalfm\/wp-json\/wp\/v2\/posts"}],"about":[{"href":"https:\/\/sertv.gob.pa\/nacionalfm\/wp-json\/wp\/v2\/types\/post"}],"author":[{"embeddable":true,"href":"https:\/\/sertv.gob.pa\/nacionalfm\/wp-json\/wp\/v2\/users\/9"}],"replies":[{"embeddable":true,"href":"https:\/\/sertv.gob.pa\/nacionalfm\/wp-json\/wp\/v2\/comments?post=109027"}],"version-history":[{"count":1,"href":"https:\/\/sertv.gob.pa\/nacionalfm\/wp-json\/wp\/v2\/posts\/109027\/revisions"}],"predecessor-version":[{"id":109029,"href":"https:\/\/sertv.gob.pa\/nacionalfm\/wp-json\/wp\/v2\/posts\/109027\/revisions\/109029"}],"wp:featuredmedia":[{"embeddable":true,"href":"https:\/\/sertv.gob.pa\/nacionalfm\/wp-json\/wp\/v2\/media\/109028"}],"wp:attachment":[{"href":"https:\/\/sertv.gob.pa\/nacionalfm\/wp-json\/wp\/v2\/media?parent=109027"}],"wp:term":[{"taxonomy":"category","embeddable":true,"href":"https:\/\/sertv.gob.pa\/nacionalfm\/wp-json\/wp\/v2\/categories?post=109027"},{"taxonomy":"post_tag","embeddable":true,"href":"https:\/\/sertv.gob.pa\/nacionalfm\/wp-json\/wp\/v2\/tags?post=109027"}],"curies":[{"name":"wp","href":"https:\/\/api.w.org\/{rel}","templated":true}]}}