{"id":109030,"date":"2025-06-17T10:59:12","date_gmt":"2025-06-17T15:59:12","guid":{"rendered":"https:\/\/sertv.gob.pa\/nacionalfm\/?p=109030"},"modified":"2025-06-17T10:59:12","modified_gmt":"2025-06-17T15:59:12","slug":"comunicado-mire","status":"publish","type":"post","link":"https:\/\/sertv.gob.pa\/nacionalfm\/comunicado-mire\/","title":{"rendered":"Comunicado: MIRE"},"content":{"rendered":"<p><em><strong>El Ministerio de Relaciones Exteriores de la Rep\u00fablica de Panam\u00e1, ante el incremento de las tensiones en el conflicto en Medio Oriente, recomienda a los ciudadanos paname\u00f1os abstenerse de realizar viajes no esenciales a pa\u00edses de dicha regi\u00f3n, debido al alto nivel de riesgo que esto representa para su seguridad.<\/strong><\/em><\/p>\n","protected":false},"excerpt":{"rendered":"<p>El Ministerio de Relaciones Exteriores de la Rep\u00fablica de Panam\u00e1, <a href=\"https:\/\/sertv.gob.pa\/nacionalfm\/comunicado-mire\/\"> [&#8230;]<\/a><\/p>\n","protected":false},"author":9,"featured_media":109031,"comment_status":"closed","ping_status":"closed","sticky":false,"template":"","format":"standard","meta":{"footnotes":""},"categories":[2],"tags":[],"class_list":["post-109030","post","type-post","status-publish","format-standard","has-post-thumbnail","hentry","category-nacionales"],"_links":{"self":[{"href":"https:\/\/sertv.gob.pa\/nacionalfm\/wp-json\/wp\/v2\/posts\/109030","targetHints":{"allow":["GET"]}}],"collection":[{"href":"https:\/\/sertv.gob.pa\/nacionalfm\/wp-json\/wp\/v2\/posts"}],"about":[{"href":"https:\/\/sertv.gob.pa\/nacionalfm\/wp-json\/wp\/v2\/types\/post"}],"author":[{"embeddable":true,"href":"https:\/\/sertv.gob.pa\/nacionalfm\/wp-json\/wp\/v2\/users\/9"}],"replies":[{"embeddable":true,"href":"https:\/\/sertv.gob.pa\/nacionalfm\/wp-json\/wp\/v2\/comments?post=109030"}],"version-history":[{"count":1,"href":"https:\/\/sertv.gob.pa\/nacionalfm\/wp-json\/wp\/v2\/posts\/109030\/revisions"}],"predecessor-version":[{"id":109032,"href":"https:\/\/sertv.gob.pa\/nacionalfm\/wp-json\/wp\/v2\/posts\/109030\/revisions\/109032"}],"wp:featuredmedia":[{"embeddable":true,"href":"https:\/\/sertv.gob.pa\/nacionalfm\/wp-json\/wp\/v2\/media\/109031"}],"wp:attachment":[{"href":"https:\/\/sertv.gob.pa\/nacionalfm\/wp-json\/wp\/v2\/media?parent=109030"}],"wp:term":[{"taxonomy":"category","embeddable":true,"href":"https:\/\/sertv.gob.pa\/nacionalfm\/wp-json\/wp\/v2\/categories?post=109030"},{"taxonomy":"post_tag","embeddable":true,"href":"https:\/\/sertv.gob.pa\/nacionalfm\/wp-json\/wp\/v2\/tags?post=109030"}],"curies":[{"name":"wp","href":"https:\/\/api.w.org\/{rel}","templated":true}]}}