{"id":109051,"date":"2025-06-17T14:16:35","date_gmt":"2025-06-17T19:16:35","guid":{"rendered":"https:\/\/sertv.gob.pa\/nacionalfm\/?p=109051"},"modified":"2025-06-17T14:16:35","modified_gmt":"2025-06-17T19:16:35","slug":"jurista-panameno-es-electo-al-comite-de-la-onu-contra-la-desaparicion-forzada-ced","status":"publish","type":"post","link":"https:\/\/sertv.gob.pa\/nacionalfm\/jurista-panameno-es-electo-al-comite-de-la-onu-contra-la-desaparicion-forzada-ced\/","title":{"rendered":"Jurista paname\u00f1o, es electo al Comit\u00e9 de la ONU Contra la Desaparici\u00f3n Forzada  (CED)"},"content":{"rendered":"<p><em><strong>El jurista El\u00edas Sol\u00eds Gonz\u00e1lez fue electo al Comit\u00e9 contra la Desaparici\u00f3n Forzada de la Organizaci\u00f3n de las Naciones Unidas (CED), representando a Panam\u00e1 por un per\u00edodo de cuatro a\u00f1os.<\/strong><\/em><\/p>\n<p><strong>Con esto, es el primer paname\u00f1o electo para integrar este Comit\u00e9 compuesto por 10 expertos independientes encargados de supervisar la aplicaci\u00f3n de la Convenci\u00f3n Internacional para la protecci\u00f3n de todas la personas contra las desapariciones forzadas, la cual fue ratificada por Panam\u00e1 en 2011.<\/strong><\/p>\n<p><strong>Sol\u00eds Gonz\u00e1lez, espera contribuir al fortalecimiento del Comit\u00e9 como un espacio imparcial y efectivo en la prevenci\u00f3n, investigaci\u00f3n y erradicaci\u00f3n de la desaparici\u00f3n forzada. De igual manera, Del mismo modo, promover\u00e1 ampliamente la adhesi\u00f3n de m\u00e1s Estados a la Convenci\u00f3n para hacer de ella, un instrumento internacional con mayor incidencia en la prevenci\u00f3n y sanci\u00f3n del crimen de desaparici\u00f3n forzada.<\/strong><\/p>\n<p><strong>Desde el a\u00f1o 2019 a la fecha, ocupa el cargo de Presidente Nacional de la Cruz Roja Paname\u00f1a. Sol\u00eds Gonz\u00e1lez, es licenciado en Derecho y Ciencias Pol\u00edticas con Maestr\u00edas en Derecho Administrativo, Derecho Comercial y Ciencias Penales. Particip\u00f3 en la Comisi\u00f3n Nacional Permanente para la Aplicaci\u00f3n del Derecho Internacional Humanitario.<\/strong><\/p>\n<p><strong>Bajo el liderazgo del presidente, Jos\u00e9 Ra\u00fal Mulino Quintero, Panam\u00e1, ha obtenido la elecci\u00f3n de dos paname\u00f1os a Comit\u00e9s de Derechos Humanos de las Naciones Unidas. La doctora Carla Pousa, fue electa al Comit\u00e9 para la Erradicaci\u00f3n de Todas las Formas de Discriminaci\u00f3n Racial la semana pasada. Con estas dos elecciones, se eleva a cuatro los paname\u00f1os que a partir del 2026 ser\u00e1n parte de Comit\u00e9s de Derechos Humanos de las Naciones Unidas.<\/strong><\/p>\n<p><strong>Adem\u00e1s, con el impulso del ministro de Relaciones Exteriores, Javier Mart\u00ednez-Acha V\u00e1squez, se ha incrementado la participaci\u00f3n de Panam\u00e1, en puestos de liderazgo en el sistema multilateral. Al presente, Panam\u00e1, ostenta las Presidencias Pro-Tempore de la Asociaci\u00f3n de Estados del Caribe (AEC), as\u00ed como del Comit\u00e9 Interamericano contra el Terrorismo (CICTE), la Comisi\u00f3n de Seguridad Hemisf\u00e9rica y la Comisi\u00f3n de Asuntos Migratorios, todos dentro del sistema interamericano de la OEA.<\/strong><\/p>\n<p><strong>Panam\u00e1, asumir\u00e1 en julio, la Presidencia Pro-Tempore del Sistema de Integraci\u00f3n Centroamericana (SICA), y en agosto, la Presidencia Rotativa del Consejo de Seguridad de la ONU.<\/strong><\/p>\n","protected":false},"excerpt":{"rendered":"<p>El jurista El\u00edas Sol\u00eds Gonz\u00e1lez fue electo al Comit\u00e9 contra <a href=\"https:\/\/sertv.gob.pa\/nacionalfm\/jurista-panameno-es-electo-al-comite-de-la-onu-contra-la-desaparicion-forzada-ced\/\"> [&#8230;]<\/a><\/p>\n","protected":false},"author":9,"featured_media":109050,"comment_status":"closed","ping_status":"closed","sticky":false,"template":"","format":"standard","meta":{"footnotes":""},"categories":[2],"tags":[],"class_list":["post-109051","post","type-post","status-publish","format-standard","has-post-thumbnail","hentry","category-nacionales"],"_links":{"self":[{"href":"https:\/\/sertv.gob.pa\/nacionalfm\/wp-json\/wp\/v2\/posts\/109051","targetHints":{"allow":["GET"]}}],"collection":[{"href":"https:\/\/sertv.gob.pa\/nacionalfm\/wp-json\/wp\/v2\/posts"}],"about":[{"href":"https:\/\/sertv.gob.pa\/nacionalfm\/wp-json\/wp\/v2\/types\/post"}],"author":[{"embeddable":true,"href":"https:\/\/sertv.gob.pa\/nacionalfm\/wp-json\/wp\/v2\/users\/9"}],"replies":[{"embeddable":true,"href":"https:\/\/sertv.gob.pa\/nacionalfm\/wp-json\/wp\/v2\/comments?post=109051"}],"version-history":[{"count":2,"href":"https:\/\/sertv.gob.pa\/nacionalfm\/wp-json\/wp\/v2\/posts\/109051\/revisions"}],"predecessor-version":[{"id":109053,"href":"https:\/\/sertv.gob.pa\/nacionalfm\/wp-json\/wp\/v2\/posts\/109051\/revisions\/109053"}],"wp:featuredmedia":[{"embeddable":true,"href":"https:\/\/sertv.gob.pa\/nacionalfm\/wp-json\/wp\/v2\/media\/109050"}],"wp:attachment":[{"href":"https:\/\/sertv.gob.pa\/nacionalfm\/wp-json\/wp\/v2\/media?parent=109051"}],"wp:term":[{"taxonomy":"category","embeddable":true,"href":"https:\/\/sertv.gob.pa\/nacionalfm\/wp-json\/wp\/v2\/categories?post=109051"},{"taxonomy":"post_tag","embeddable":true,"href":"https:\/\/sertv.gob.pa\/nacionalfm\/wp-json\/wp\/v2\/tags?post=109051"}],"curies":[{"name":"wp","href":"https:\/\/api.w.org\/{rel}","templated":true}]}}