{"id":109059,"date":"2025-06-18T09:20:40","date_gmt":"2025-06-18T14:20:40","guid":{"rendered":"https:\/\/sertv.gob.pa\/nacionalfm\/?p=109059"},"modified":"2025-06-18T10:04:06","modified_gmt":"2025-06-18T15:04:06","slug":"aprueban-credito-para-incrementar-la-capacidad-operativa-del-aeropuerto-de-isla-colon-en-provincia-de-bocas-del-toro","status":"publish","type":"post","link":"https:\/\/sertv.gob.pa\/nacionalfm\/aprueban-credito-para-incrementar-la-capacidad-operativa-del-aeropuerto-de-isla-colon-en-provincia-de-bocas-del-toro\/","title":{"rendered":"Aprueban cr\u00e9dito para incrementar la capacidad operativa del aeropuerto de isla Col\u00f3n, en provincia de Bocas del Toro"},"content":{"rendered":"<div class=\"fusion-fullwidth fullwidth-box fusion-builder-row-1 fusion-flex-container nonhundred-percent-fullwidth non-hundred-percent-height-scrolling\" style=\"--awb-border-radius-top-left:0px;--awb-border-radius-top-right:0px;--awb-border-radius-bottom-right:0px;--awb-border-radius-bottom-left:0px;--awb-flex-wrap:wrap;\" ><div class=\"fusion-builder-row fusion-row fusion-flex-align-items-flex-start fusion-flex-content-wrap\" style=\"max-width:1144px;margin-left: calc(-4% \/ 2 );margin-right: calc(-4% \/ 2 );\"><div class=\"fusion-layout-column fusion_builder_column fusion-builder-column-0 fusion_builder_column_1_1 1_1 fusion-flex-column\" style=\"--awb-bg-size:cover;--awb-width-large:100%;--awb-margin-top-large:0px;--awb-spacing-right-large:1.92%;--awb-margin-bottom-large:0px;--awb-spacing-left-large:1.92%;--awb-width-medium:100%;--awb-spacing-right-medium:1.92%;--awb-spacing-left-medium:1.92%;--awb-width-small:100%;--awb-spacing-right-small:1.92%;--awb-spacing-left-small:1.92%;\"><div class=\"fusion-column-wrapper fusion-flex-justify-content-flex-start fusion-content-layout-column\"><div class=\"fusion-text fusion-text-1\" style=\"--awb-content-alignment:justify;\"><p><em><strong>El Consejo de Gabinete de Panam\u00e1, aprob\u00f3 este martes, la Resoluci\u00f3n N. 71-25, por la cual se aprueba un cr\u00e9dito adicional suplementario al Presupuesto General del Estado para la vigencia fiscal 2025, con asignaci\u00f3n a favor de la Autoridad Aeron\u00e1utica Civil (AAC), hasta por la suma de B\/.6,000,000.00.<\/strong><\/em><\/p>\n<p><strong>Este cr\u00e9dito adicional suplementario, tiene como objetivo, incorporar recursos al presupuesto de inversiones de la AAC, con miras a financiar la compra de un terreno de 13 hect\u00e1reas contiguo al Aeropuerto Jos\u00e9 Ezequiel Hall, en isla Col\u00f3n, provincia de Bocas del Toro.<\/strong><\/p>\n<p><strong>La compra, permitir\u00e1 acrecentar la capacidad instalada de este aeropuerto ubicado en esta zona de desarrollo tur\u00edstico, a fin de recibir aeronaves modernas de mayor calado y cumplir con las especificaciones de seguridad operacional que exigen las normas vigentes, sustent\u00f3 la AAC.<\/strong><\/p>\n<p><strong>Con estos recursos, igualmente se adecuar\u00e1n las instalaciones aeroportuarias de esta terminal con mejores facilidades que permitir\u00e1n aumentar el tr\u00e1fico de pasajeros y garantizar la seguridad operacional.<\/strong><\/p>\n<p><strong>Cabe resaltar, que el cr\u00e9dito adicional que recibir\u00e1 la AAC, cuenta con la opini\u00f3n favorable del Consejo Econ\u00f3mico Nacional y el informe favorable sobre la viabilidad financiera y conveniencia de la Contralor\u00eda General de la Rep\u00fablica.<\/strong><\/p>\n<\/div><div class=\"fusion-text fusion-text-2\" style=\"--awb-content-alignment:justify;\"><p>Your Content Goes Here<\/p>\n<\/div><\/div><\/div><\/div><\/div>\n","protected":false},"excerpt":{"rendered":"","protected":false},"author":9,"featured_media":109060,"comment_status":"closed","ping_status":"closed","sticky":false,"template":"","format":"standard","meta":{"footnotes":""},"categories":[2],"tags":[],"class_list":["post-109059","post","type-post","status-publish","format-standard","has-post-thumbnail","hentry","category-nacionales"],"_links":{"self":[{"href":"https:\/\/sertv.gob.pa\/nacionalfm\/wp-json\/wp\/v2\/posts\/109059","targetHints":{"allow":["GET"]}}],"collection":[{"href":"https:\/\/sertv.gob.pa\/nacionalfm\/wp-json\/wp\/v2\/posts"}],"about":[{"href":"https:\/\/sertv.gob.pa\/nacionalfm\/wp-json\/wp\/v2\/types\/post"}],"author":[{"embeddable":true,"href":"https:\/\/sertv.gob.pa\/nacionalfm\/wp-json\/wp\/v2\/users\/9"}],"replies":[{"embeddable":true,"href":"https:\/\/sertv.gob.pa\/nacionalfm\/wp-json\/wp\/v2\/comments?post=109059"}],"version-history":[{"count":4,"href":"https:\/\/sertv.gob.pa\/nacionalfm\/wp-json\/wp\/v2\/posts\/109059\/revisions"}],"predecessor-version":[{"id":109068,"href":"https:\/\/sertv.gob.pa\/nacionalfm\/wp-json\/wp\/v2\/posts\/109059\/revisions\/109068"}],"wp:featuredmedia":[{"embeddable":true,"href":"https:\/\/sertv.gob.pa\/nacionalfm\/wp-json\/wp\/v2\/media\/109060"}],"wp:attachment":[{"href":"https:\/\/sertv.gob.pa\/nacionalfm\/wp-json\/wp\/v2\/media?parent=109059"}],"wp:term":[{"taxonomy":"category","embeddable":true,"href":"https:\/\/sertv.gob.pa\/nacionalfm\/wp-json\/wp\/v2\/categories?post=109059"},{"taxonomy":"post_tag","embeddable":true,"href":"https:\/\/sertv.gob.pa\/nacionalfm\/wp-json\/wp\/v2\/tags?post=109059"}],"curies":[{"name":"wp","href":"https:\/\/api.w.org\/{rel}","templated":true}]}}