{"id":109063,"date":"2025-06-18T10:01:49","date_gmt":"2025-06-18T15:01:49","guid":{"rendered":"https:\/\/sertv.gob.pa\/nacionalfm\/?p=109063"},"modified":"2025-06-18T10:01:49","modified_gmt":"2025-06-18T15:01:49","slug":"el-consejo-de-gabinete-de-panama-extiende-arancel-del-30-para-la-importacion-de-cemento-hidraulico","status":"publish","type":"post","link":"https:\/\/sertv.gob.pa\/nacionalfm\/el-consejo-de-gabinete-de-panama-extiende-arancel-del-30-para-la-importacion-de-cemento-hidraulico\/","title":{"rendered":"El Consejo de Gabinete de Panam\u00e1: Extiende arancel del 30% para la importaci\u00f3n de cemento hidr\u00e1ulico"},"content":{"rendered":"<div class=\"fusion-fullwidth fullwidth-box fusion-builder-row-1 fusion-flex-container has-pattern-background has-mask-background nonhundred-percent-fullwidth non-hundred-percent-height-scrolling\" style=\"--awb-border-radius-top-left:0px;--awb-border-radius-top-right:0px;--awb-border-radius-bottom-right:0px;--awb-border-radius-bottom-left:0px;--awb-flex-wrap:wrap;\" ><div class=\"fusion-builder-row fusion-row fusion-flex-align-items-flex-start fusion-flex-content-wrap\" style=\"max-width:1144px;margin-left: calc(-4% \/ 2 );margin-right: calc(-4% \/ 2 );\"><div class=\"fusion-layout-column fusion_builder_column fusion-builder-column-0 fusion_builder_column_1_1 1_1 fusion-flex-column\" style=\"--awb-bg-size:cover;--awb-width-large:100%;--awb-margin-top-large:0px;--awb-spacing-right-large:1.92%;--awb-margin-bottom-large:20px;--awb-spacing-left-large:1.92%;--awb-width-medium:100%;--awb-order-medium:0;--awb-spacing-right-medium:1.92%;--awb-spacing-left-medium:1.92%;--awb-width-small:100%;--awb-order-small:0;--awb-spacing-right-small:1.92%;--awb-spacing-left-small:1.92%;\"><div class=\"fusion-column-wrapper fusion-column-has-shadow fusion-flex-justify-content-flex-start fusion-content-layout-column\"><div class=\"fusion-text fusion-text-1\" style=\"--awb-content-alignment:justify;\"><p><em><strong>Dentro de sus gestiones, el Consejo de Gabinete de la Rep\u00fablica de Panam\u00e1, aprob\u00f3 tambi\u00e9n este martes, 17 de junio de 2025, el Decreto N. 27-25, el cual modifica el Decreto de Gabinete N\u00b010 de 23 de enero de 2024, que extiende por dos a\u00f1os m\u00e1s, la aplicaci\u00f3n de un derecho arancelario del 30% a la importaci\u00f3n del cemento hidr\u00e1ulico (cemento sin pulverizar o cl\u00ednker), como una medida de protecci\u00f3n a esta industria local que impacta a favor de unas 4,385 personas a trav\u00e9s de beneficios laborales.<\/strong><\/em><\/p>\n<p><strong>Es bueno resaltar, que esta nueva extensi\u00f3n, fue solicitada por el Sindicato de Industriales de Panam\u00e1 (SIP), que proyecta que el consumo de cemento, podr\u00eda registrar una ca\u00edda en comparaci\u00f3n con el a\u00f1o anterior, como resultado de una disminuci\u00f3n de la demanda interna. Se hace necesario el fomento de la industria nacional, en especial la producci\u00f3n de cemento gris que permite generar valor agregado, lo cual mejora el ingreso per c\u00e1pita y crea riqueza nacional, sostuvo el SIP en su petici\u00f3n.<\/strong><\/p>\n<p><strong>El Decreto de Gabinete a\u00f1ade, que la producci\u00f3n de cemento en Panam\u00e1 ha experimentado una disminuci\u00f3n desde 2014, debido a una progresiva desaceleraci\u00f3n de la econom\u00eda nacional, acompa\u00f1ada de un incremento en las importaciones. Adem\u00e1s, la ca\u00edda del sector de la construcci\u00f3n, ocasionada por la pandemia de 2020, afect\u00f3 en forma grave, la sostenibilidad de los ingresos de miles de paname\u00f1os que dependen directa e indirectamente de esta industria. Para 2024, se previ\u00f3 una ca\u00edda en el consumo aparente de cemento en comparaci\u00f3n con el a\u00f1o anterior debido a una disminuci\u00f3n en la demanda interna.<\/strong><\/p>\n<p><strong>En este contexto cr\u00edtico para el pa\u00eds, el Gobierno Nacional, resalt\u00f3 que, tiene la responsabilidad de implementar las medidas necesarias para proteger a las industrias, asegurando que, puedan continuar siendo fuentes de empleo y contribuyan al producto interno bruto (PIB) y al fisco nacional.<\/strong><\/p>\n<p><strong>Hay ue recordar que, la industria cementera en Panam\u00e1, constituye un pilar relevante para el desarrollo econ\u00f3mico y social del pa\u00eds y aporta de manera importante en t\u00e9rminos de empleo, contribuciones fiscales, encadenamiento productivo y capacidad instalada nacional.<\/strong><\/p>\n<p><strong>De igual modo, esta actividad, tambi\u00e9n representa una fuente significativa de ingresos para el Estado. Las contribuciones directas a la Caja de Seguro Social, alcanzan los B\/.6.6 millones, mientras que, el impuesto sobre la renta retenido a los trabajadores suma aproximadamente B\/.2.5 millones. En total, las contribuciones fiscales directas del sector ascienden a B\/.19.7 millones.<\/strong><\/p>\n<\/div><\/div><\/div><\/div><\/div>\n","protected":false},"excerpt":{"rendered":"","protected":false},"author":9,"featured_media":109064,"comment_status":"closed","ping_status":"closed","sticky":false,"template":"","format":"standard","meta":{"footnotes":""},"categories":[2],"tags":[],"class_list":["post-109063","post","type-post","status-publish","format-standard","has-post-thumbnail","hentry","category-nacionales"],"_links":{"self":[{"href":"https:\/\/sertv.gob.pa\/nacionalfm\/wp-json\/wp\/v2\/posts\/109063","targetHints":{"allow":["GET"]}}],"collection":[{"href":"https:\/\/sertv.gob.pa\/nacionalfm\/wp-json\/wp\/v2\/posts"}],"about":[{"href":"https:\/\/sertv.gob.pa\/nacionalfm\/wp-json\/wp\/v2\/types\/post"}],"author":[{"embeddable":true,"href":"https:\/\/sertv.gob.pa\/nacionalfm\/wp-json\/wp\/v2\/users\/9"}],"replies":[{"embeddable":true,"href":"https:\/\/sertv.gob.pa\/nacionalfm\/wp-json\/wp\/v2\/comments?post=109063"}],"version-history":[{"count":2,"href":"https:\/\/sertv.gob.pa\/nacionalfm\/wp-json\/wp\/v2\/posts\/109063\/revisions"}],"predecessor-version":[{"id":109066,"href":"https:\/\/sertv.gob.pa\/nacionalfm\/wp-json\/wp\/v2\/posts\/109063\/revisions\/109066"}],"wp:featuredmedia":[{"embeddable":true,"href":"https:\/\/sertv.gob.pa\/nacionalfm\/wp-json\/wp\/v2\/media\/109064"}],"wp:attachment":[{"href":"https:\/\/sertv.gob.pa\/nacionalfm\/wp-json\/wp\/v2\/media?parent=109063"}],"wp:term":[{"taxonomy":"category","embeddable":true,"href":"https:\/\/sertv.gob.pa\/nacionalfm\/wp-json\/wp\/v2\/categories?post=109063"},{"taxonomy":"post_tag","embeddable":true,"href":"https:\/\/sertv.gob.pa\/nacionalfm\/wp-json\/wp\/v2\/tags?post=109063"}],"curies":[{"name":"wp","href":"https:\/\/api.w.org\/{rel}","templated":true}]}}