{"id":109075,"date":"2025-06-18T10:56:58","date_gmt":"2025-06-18T15:56:58","guid":{"rendered":"https:\/\/sertv.gob.pa\/nacionalfm\/?p=109075"},"modified":"2025-06-18T10:56:58","modified_gmt":"2025-06-18T15:56:58","slug":"autoridades-del-gobierno-dan-a-conocer-sobre-avances-de-trabajos-para-resolver-crisis-de-agua-en-azuero-por-contaminacion-del-rio-la-villa","status":"publish","type":"post","link":"https:\/\/sertv.gob.pa\/nacionalfm\/autoridades-del-gobierno-dan-a-conocer-sobre-avances-de-trabajos-para-resolver-crisis-de-agua-en-azuero-por-contaminacion-del-rio-la-villa\/","title":{"rendered":"Autoridades del Gobierno, dan a conocer sobre avances de trabajos para resolver crisis de agua en Azuero, por contaminaci\u00f3n del r\u00edo La Villa"},"content":{"rendered":"<ul>\n<li><em><strong>Las autoridades advirtieron que el agua en la zona a\u00fan no es apta para el consumo; mientras, contin\u00faa operativo de abastecimiento por camiones cisterna.<\/strong><\/em><\/li>\n<\/ul>\n<p><em><strong>El gobierno del presidente, Jos\u00e9 Ra\u00fal Mulino, trabaja en la b\u00fasqueda de una soluci\u00f3n definitiva a la crisis del agua en la regi\u00f3n de Azuero, debido a d\u00e9cadas de contaminaci\u00f3n de la cuenca hidrogr\u00e1fica del r\u00edo La Villa, a lo cual se le pondr\u00e1 fin con mecanismos que incluyen medidas en\u00e9rgicas, declar\u00f3 este martes, el ministro de Ambiente de Panam\u00e1 (MiAMBIENTE), Juan Carlos Navarro, quien inst\u00f3 a la ciudadan\u00eda en general, a tomar conciencia, respetar y proteger el ambiente, si queremos garantizar la existencia del vital l\u00edquido en el pa\u00eds para el consumo.<\/strong><\/em><\/p>\n<p><strong>Las declaraciones del titular de MiAMBIENTE, se dieron en la noche de este martes, en el Anfiteatro del Palacio de las Garzas, en donde, junto al director del Instituto de Acueductos y Alcantarillados Nacionales (IDAAN), Rutilio Villarreal, rindi\u00f3 un informe, referente al diagn\u00f3stico y la respuesta ambiental del gobierno del presidente Mulino, a fin de atender la contaminaci\u00f3n del r\u00edo La Villa en Azuero por \u201cd\u00e9cadas de corrupci\u00f3n y anarqu\u00eda ambiental\u201d.<\/strong><\/p>\n<p><strong>Navarro, explic\u00f3 que, la cuenca del r\u00edo La Villa, es clave para el abastecimiento de agua en la pen\u00ednsula de Azuero; sin embargo, los diagn\u00f3sticos, an\u00e1lisis, estudios y recopilaci\u00f3n de evidencias \u2014trabajo a cargo de una comisi\u00f3n interinstitucional\u2014 han permitido detectar contaminaci\u00f3n por actividades agropecuarias no reguladas y vertimiento ilegal de lixiviados, agroqu\u00edmicos y contaminantes pecuarios, adem\u00e1s de mal manejo del tratamiento de aguas servidas que luego llegan al r\u00edo.<\/strong><\/p>\n<p><strong>De igual modo, se ha podido determinar el uso no planificado de suelo, p\u00e9rdida de cobertura vegetal en la cuenca y extracci\u00f3n ilegal de agua cruda. En tanto, en el r\u00edo Estiban\u00e1, se ha detectado actividad porcina no regulada y alteraci\u00f3n del entorno natural (deforestaci\u00f3n, cambio del cauce del r\u00edo y contaminaci\u00f3n).<\/strong><\/p>\n<p><strong>\u201cLa politiquer\u00eda, la corrupci\u00f3n que ha imperado por tantos a\u00f1os en esta anarqu\u00eda ambiental y estas fiestas de la destrucci\u00f3n y de la contaminaci\u00f3n que estamos viviendo ya va a parar y est\u00e1 parando (con acciones en\u00e9rgicas del gobierno). No podemos seguir haciendo las cosas (mal) en este pa\u00eds; o empezamos a tomar en serio el ambiente o no vamos a poder tener agua potable en nuestros hogares. La buena noticia es que estamos a tiempo; estamos tomando las medidas y trabajando juntos con la comunidad, con las autoridades locales, empresarios, porcinocultores, productores, grupos ambientalistas e instituciones nacionales\u201d, manifest\u00f3.<\/strong><\/p>\n<p><strong>Inform\u00f3 que, la comisi\u00f3n interinstitucional, integrada por: MiAMBIENTE, el IDAAN y el Ministerio de Salud (MINSA), entre otras entidades, ha evaluado 36 puntos en los r\u00edos La Villa y Estiban\u00e1. Se determin\u00f3 que hay 23 puntos cr\u00edticos de alta contaminaci\u00f3n. De ellos, 16 sitios se encuentran en estado de incumplimiento; 8, en proceso de adecuaci\u00f3n y cerrados temporalmente; 7 son peque\u00f1os productores en proceso de adecuaci\u00f3n y 1 sitio ha sido cerrado de forma definitiva voluntariamente.<\/strong><\/p>\n<p><strong>Con las pruebas recabadas y con las evidencias cient\u00edficas, se tomar\u00e1n medidas administrativas que incluyen sanciones en\u00e9rgicas de hasta 10 mil balboas, a quienes se determinen responsables de la contaminaci\u00f3n, en tanto que las pruebas ser\u00e1n igualmente remitidas al Ministerio P\u00fablico, para los tr\u00e1mites correspondientes, advirti\u00f3 Navarro.<\/strong><\/p>\n<p><strong>Mientras tanto, el director del IDAAN, revel\u00f3 que, se mantiene el monitoreo de la calidad del agua cruda de los r\u00edos. Sobre el estado de las plantas potabilizadoras, Roberto Reyna (Chitr\u00e9), Rufina Alfaro (Los Santos), Llano de Piedra y Macaracas, que fueron afectadas por microorganismos en las tomas de agua cruda, ya est\u00e1n operando al 100%. No obstante, advirti\u00f3 a la poblaci\u00f3n, que el agua no es apta para el consumo humano.<\/strong><\/p>\n<p><strong>\u201cEl agua, que se est\u00e1 enviando a las ciudades no es apta para el consumo humano. Los par\u00e1metros f\u00edsicos y qu\u00edmicos de la producci\u00f3n est\u00e1n dentro de las normas que establece la Copanit; sin embargo, el par\u00e1metro microbiol\u00f3gico, s\u00ed est\u00e1 fuera. Por tanto, el agua no puede ser consumida\u201d, recalc\u00f3 Villarreal, y se\u00f1al\u00f3 que, el agua que s\u00ed es apta para el consumo humano, es la que se est\u00e1 haciendo llegar en camiones cisterna, como parte del operativo de distribuci\u00f3n de agua embotellada a la poblaci\u00f3n.<\/strong><\/p>\n","protected":false},"excerpt":{"rendered":"<p>Las autoridades advirtieron que el agua en la zona a\u00fan <a href=\"https:\/\/sertv.gob.pa\/nacionalfm\/autoridades-del-gobierno-dan-a-conocer-sobre-avances-de-trabajos-para-resolver-crisis-de-agua-en-azuero-por-contaminacion-del-rio-la-villa\/\"> [&#8230;]<\/a><\/p>\n","protected":false},"author":9,"featured_media":109076,"comment_status":"closed","ping_status":"closed","sticky":false,"template":"","format":"standard","meta":{"footnotes":""},"categories":[2],"tags":[],"class_list":["post-109075","post","type-post","status-publish","format-standard","has-post-thumbnail","hentry","category-nacionales"],"_links":{"self":[{"href":"https:\/\/sertv.gob.pa\/nacionalfm\/wp-json\/wp\/v2\/posts\/109075","targetHints":{"allow":["GET"]}}],"collection":[{"href":"https:\/\/sertv.gob.pa\/nacionalfm\/wp-json\/wp\/v2\/posts"}],"about":[{"href":"https:\/\/sertv.gob.pa\/nacionalfm\/wp-json\/wp\/v2\/types\/post"}],"author":[{"embeddable":true,"href":"https:\/\/sertv.gob.pa\/nacionalfm\/wp-json\/wp\/v2\/users\/9"}],"replies":[{"embeddable":true,"href":"https:\/\/sertv.gob.pa\/nacionalfm\/wp-json\/wp\/v2\/comments?post=109075"}],"version-history":[{"count":1,"href":"https:\/\/sertv.gob.pa\/nacionalfm\/wp-json\/wp\/v2\/posts\/109075\/revisions"}],"predecessor-version":[{"id":109077,"href":"https:\/\/sertv.gob.pa\/nacionalfm\/wp-json\/wp\/v2\/posts\/109075\/revisions\/109077"}],"wp:featuredmedia":[{"embeddable":true,"href":"https:\/\/sertv.gob.pa\/nacionalfm\/wp-json\/wp\/v2\/media\/109076"}],"wp:attachment":[{"href":"https:\/\/sertv.gob.pa\/nacionalfm\/wp-json\/wp\/v2\/media?parent=109075"}],"wp:term":[{"taxonomy":"category","embeddable":true,"href":"https:\/\/sertv.gob.pa\/nacionalfm\/wp-json\/wp\/v2\/categories?post=109075"},{"taxonomy":"post_tag","embeddable":true,"href":"https:\/\/sertv.gob.pa\/nacionalfm\/wp-json\/wp\/v2\/tags?post=109075"}],"curies":[{"name":"wp","href":"https:\/\/api.w.org\/{rel}","templated":true}]}}