{"id":109094,"date":"2025-06-18T13:53:00","date_gmt":"2025-06-18T18:53:00","guid":{"rendered":"https:\/\/sertv.gob.pa\/nacionalfm\/?p=109094"},"modified":"2025-06-18T13:53:00","modified_gmt":"2025-06-18T18:53:00","slug":"nuevo-hito-panama-y-marruecos-celebran-instalacion-del-grupo-de-amistad-interparlamentario-como-mecanismo-para-la-cooperacion-y-el-multilateralismo","status":"publish","type":"post","link":"https:\/\/sertv.gob.pa\/nacionalfm\/nuevo-hito-panama-y-marruecos-celebran-instalacion-del-grupo-de-amistad-interparlamentario-como-mecanismo-para-la-cooperacion-y-el-multilateralismo\/","title":{"rendered":"Nuevo hito: Panam\u00e1 y Marruecos celebran instalaci\u00f3n del Grupo de Amistad Interparlamentario como mecanismo para la cooperaci\u00f3n y el multilateralismo"},"content":{"rendered":"<p><em><strong>Se ha escrito un nuevo hito en las relaciones entre Panam\u00e1 y Marruecos, puesto que, este martes el ministro de Relaciones Exteriores de Panam\u00e1, Javier Mart\u00ednez-Acha V\u00e1squez, y Rachid Talbi El Alami, presidente de la C\u00e1mara de Representantes, celebraron la instalaci\u00f3n del Grupo de Amistad Interparlamentario Panam\u00e1-Marruecos en un encuentro celebrado en la sede del Parlamento en la ciudad de Rabat.<\/strong><\/em><\/p>\n<p><strong>Este logro, se alcanz\u00f3 durante la visita de trabajo sin precedente del jefe de la diplomacia paname\u00f1a al Reino de Marruecos, cuyo prop\u00f3sito es el aprendizaje mutuo y la cooperaci\u00f3n multisectorial, haciendo \u00e9nfasis en la importancia de las relaciones parlamentarias bilaterales y multilaterales.<\/strong><\/p>\n<p><strong>Otros temas tratados, fueron el intercambio de experiencias y conocimientos legislativos, la comunicaci\u00f3n permanente y eficaz, las visitas mutuas y la coordinaci\u00f3n en los distintos foros, as\u00ed como la movilizaci\u00f3n de todos los recursos disponibles para reforzar las relaciones entre ambas instituciones.<\/strong><\/p>\n<p><strong>En esta reuni\u00f3n, se han destacado y valorado los grandes proyectos emprendidos por el Reino de Marruecos bajo el liderazgo de Su Majestad el Rey Mohammed VI, encaminados a consolidar la estabilidad, la seguridad y la prosperidad de los pa\u00edses africanos con costas en el Atl\u00e1ntico. Proyectos como el gran gasoducto \u00c1frica-Atl\u00e1ntico reflejan el compromiso de Marruecos con la cooperaci\u00f3n Sur-Sur.<\/strong><\/p>\n<p><strong>Durante la agenda de trabajo en la sede del Parlamento, el canciller Mart\u00ednez-Acha V\u00e1squez, tambi\u00e9n convers\u00f3 con Mohamed Ould Errachid, presidente de la C\u00e1mara de Consejeros, y se acord\u00f3 fortalecer el di\u00e1logo pol\u00edtico y la diplomacia parlamentaria, destacando la importancia del papel de este \u00f3rgano como interlocutor clave para el desarrollo de las relaciones bilaterales y resaltando las visitas realizadas a Panam\u00e1 entre 2022 y 2024.<\/strong><\/p>\n<p><strong>El canciller Mart\u00ednez-Acha V\u00e1squez, expres\u00f3 su apoyo a la creaci\u00f3n del Grupo de Amistad Interparlamentario Panam\u00e1-Marruecos, que constituye una herramienta de di\u00e1logo pol\u00edtico y cooperaci\u00f3n conjunta en \u00e1reas como el desarrollo sostenible, la cultura, el comercio y la inversi\u00f3n.<\/strong><\/p>\n<p><strong>De esta manera, Panam\u00e1, valora la participaci\u00f3n de Marruecos en la Asamblea General del Parlatino en diciembre de 2025, como muestra del compromiso con el acercamiento entre Am\u00e9rica Latina y \u00c1frica.<\/strong><\/p>\n<p><strong>Panam\u00e1 y Marruecos, reafirmaron su compromiso con una cooperaci\u00f3n transparente y respetuosa. Se abog\u00f3 por una relaci\u00f3n bilateral basada en una comunicaci\u00f3n abierta y fluida, cimentada en el respeto mutuo y en el objetivo com\u00fan de abordar desaf\u00edos compartidos.<\/strong><\/p>\n<p>&nbsp;<\/p>\n","protected":false},"excerpt":{"rendered":"<p>Se ha escrito un nuevo hito en las relaciones entre <a href=\"https:\/\/sertv.gob.pa\/nacionalfm\/nuevo-hito-panama-y-marruecos-celebran-instalacion-del-grupo-de-amistad-interparlamentario-como-mecanismo-para-la-cooperacion-y-el-multilateralismo\/\"> [&#8230;]<\/a><\/p>\n","protected":false},"author":9,"featured_media":109095,"comment_status":"closed","ping_status":"closed","sticky":false,"template":"","format":"standard","meta":{"footnotes":""},"categories":[2],"tags":[],"class_list":["post-109094","post","type-post","status-publish","format-standard","has-post-thumbnail","hentry","category-nacionales"],"_links":{"self":[{"href":"https:\/\/sertv.gob.pa\/nacionalfm\/wp-json\/wp\/v2\/posts\/109094","targetHints":{"allow":["GET"]}}],"collection":[{"href":"https:\/\/sertv.gob.pa\/nacionalfm\/wp-json\/wp\/v2\/posts"}],"about":[{"href":"https:\/\/sertv.gob.pa\/nacionalfm\/wp-json\/wp\/v2\/types\/post"}],"author":[{"embeddable":true,"href":"https:\/\/sertv.gob.pa\/nacionalfm\/wp-json\/wp\/v2\/users\/9"}],"replies":[{"embeddable":true,"href":"https:\/\/sertv.gob.pa\/nacionalfm\/wp-json\/wp\/v2\/comments?post=109094"}],"version-history":[{"count":2,"href":"https:\/\/sertv.gob.pa\/nacionalfm\/wp-json\/wp\/v2\/posts\/109094\/revisions"}],"predecessor-version":[{"id":109097,"href":"https:\/\/sertv.gob.pa\/nacionalfm\/wp-json\/wp\/v2\/posts\/109094\/revisions\/109097"}],"wp:featuredmedia":[{"embeddable":true,"href":"https:\/\/sertv.gob.pa\/nacionalfm\/wp-json\/wp\/v2\/media\/109095"}],"wp:attachment":[{"href":"https:\/\/sertv.gob.pa\/nacionalfm\/wp-json\/wp\/v2\/media?parent=109094"}],"wp:term":[{"taxonomy":"category","embeddable":true,"href":"https:\/\/sertv.gob.pa\/nacionalfm\/wp-json\/wp\/v2\/categories?post=109094"},{"taxonomy":"post_tag","embeddable":true,"href":"https:\/\/sertv.gob.pa\/nacionalfm\/wp-json\/wp\/v2\/tags?post=109094"}],"curies":[{"name":"wp","href":"https:\/\/api.w.org\/{rel}","templated":true}]}}