{"id":109098,"date":"2025-06-18T14:18:44","date_gmt":"2025-06-18T19:18:44","guid":{"rendered":"https:\/\/sertv.gob.pa\/nacionalfm\/?p=109098"},"modified":"2025-06-18T14:18:44","modified_gmt":"2025-06-18T19:18:44","slug":"suspension-de-pagos-del-mides-en-bocas-del-toro-y-comarca-ngabe-bugle-por-bloqueos-que-impiden-el-acceso-y-comprometen-la-seguridad","status":"publish","type":"post","link":"https:\/\/sertv.gob.pa\/nacionalfm\/suspension-de-pagos-del-mides-en-bocas-del-toro-y-comarca-ngabe-bugle-por-bloqueos-que-impiden-el-acceso-y-comprometen-la-seguridad\/","title":{"rendered":"Suspensi\u00f3n de Pagos del MIDES en Bocas del Toro y Comarca Ng\u00e4be Bugl\u00e9 por bloqueos que impiden el acceso y comprometen la seguridad"},"content":{"rendered":"<p><strong>El Ministerio de Desarrollo Social (MIDES) informa a la ciudadan\u00eda que, debido a los recientes bloqueos de v\u00edas registrados en la provincia de Bocas del Toro y la comarca Ng\u00e4be Bugl\u00e9, se ha visto obligado a suspender temporalmente los pagos correspondientes a los Programas de Transferencias Monetarias Condicionadas (PTMC) y las Jornadas de Apoyo Social en 13 puntos previamente establecidos en estas regiones.<\/strong><\/p>\n<p>&nbsp;<\/p>\n<p><strong>Estos cierres de carretera han imposibilitado el ingreso seguro de nuestros equipos log\u00edsticos y personal t\u00e9cnico, afectando directamente la entrega de ayuda a las familias m\u00e1s necesitadas. La medida busca resguardar la integridad de los beneficiarios y del equipo operativo, as\u00ed como garantizar la transparencia y seguridad del proceso de distribuci\u00f3n.<\/strong><\/p>\n<p>&nbsp;<\/p>\n<p><strong>El Gobierno Nacional reitera su firme compromiso con los sectores m\u00e1s vulnerables del pa\u00eds y reafirma que, tan pronto se restablezca el libre tr\u00e1nsito y las condiciones m\u00ednimas de seguridad, se reactivar\u00e1n de inmediato los pagos y jornadas suspendidas. No se escatimar\u00e1n esfuerzos para hacer llegar la ayuda social a quienes m\u00e1s lo necesitan.<\/strong><\/p>\n<p>&nbsp;<\/p>\n<p><strong>El MIDES hace un llamado al respeto por los derechos de todos los paname\u00f1os, incluyendo el derecho de las familias beneficiarias a recibir sus apoyos sociales sin interrupciones. Asimismo, exhorta a mantener abiertos los canales de di\u00e1logo y evitar acciones que afecten el bienestar colectivo.<\/strong><\/p>\n<p>&nbsp;<\/p>\n<p><strong>Agradecemos la comprensi\u00f3n de la ciudadan\u00eda e invitamos a mantenerse informados a trav\u00e9s de los canales oficiales del Ministerio.<\/strong><\/p>\n<p>&nbsp;<\/p>\n<p>&nbsp;<\/p>\n<p><strong>Panam\u00e1, 18 de junio de 2025<\/strong><\/p>\n","protected":false},"excerpt":{"rendered":"<p>El Ministerio de Desarrollo Social (MIDES) informa a la ciudadan\u00eda <a href=\"https:\/\/sertv.gob.pa\/nacionalfm\/suspension-de-pagos-del-mides-en-bocas-del-toro-y-comarca-ngabe-bugle-por-bloqueos-que-impiden-el-acceso-y-comprometen-la-seguridad\/\"> [&#8230;]<\/a><\/p>\n","protected":false},"author":9,"featured_media":109099,"comment_status":"closed","ping_status":"closed","sticky":false,"template":"","format":"standard","meta":{"footnotes":""},"categories":[2],"tags":[],"class_list":["post-109098","post","type-post","status-publish","format-standard","has-post-thumbnail","hentry","category-nacionales"],"_links":{"self":[{"href":"https:\/\/sertv.gob.pa\/nacionalfm\/wp-json\/wp\/v2\/posts\/109098","targetHints":{"allow":["GET"]}}],"collection":[{"href":"https:\/\/sertv.gob.pa\/nacionalfm\/wp-json\/wp\/v2\/posts"}],"about":[{"href":"https:\/\/sertv.gob.pa\/nacionalfm\/wp-json\/wp\/v2\/types\/post"}],"author":[{"embeddable":true,"href":"https:\/\/sertv.gob.pa\/nacionalfm\/wp-json\/wp\/v2\/users\/9"}],"replies":[{"embeddable":true,"href":"https:\/\/sertv.gob.pa\/nacionalfm\/wp-json\/wp\/v2\/comments?post=109098"}],"version-history":[{"count":1,"href":"https:\/\/sertv.gob.pa\/nacionalfm\/wp-json\/wp\/v2\/posts\/109098\/revisions"}],"predecessor-version":[{"id":109100,"href":"https:\/\/sertv.gob.pa\/nacionalfm\/wp-json\/wp\/v2\/posts\/109098\/revisions\/109100"}],"wp:featuredmedia":[{"embeddable":true,"href":"https:\/\/sertv.gob.pa\/nacionalfm\/wp-json\/wp\/v2\/media\/109099"}],"wp:attachment":[{"href":"https:\/\/sertv.gob.pa\/nacionalfm\/wp-json\/wp\/v2\/media?parent=109098"}],"wp:term":[{"taxonomy":"category","embeddable":true,"href":"https:\/\/sertv.gob.pa\/nacionalfm\/wp-json\/wp\/v2\/categories?post=109098"},{"taxonomy":"post_tag","embeddable":true,"href":"https:\/\/sertv.gob.pa\/nacionalfm\/wp-json\/wp\/v2\/tags?post=109098"}],"curies":[{"name":"wp","href":"https:\/\/api.w.org\/{rel}","templated":true}]}}