{"id":109105,"date":"2025-06-19T08:26:54","date_gmt":"2025-06-19T13:26:54","guid":{"rendered":"https:\/\/sertv.gob.pa\/nacionalfm\/?p=109105"},"modified":"2025-06-19T08:26:54","modified_gmt":"2025-06-19T13:26:54","slug":"jovenes-reciben-formacion-en-inteligencia-artificial-a-traves-del-programa-mi-primer-empleo-del-mitradel","status":"publish","type":"post","link":"https:\/\/sertv.gob.pa\/nacionalfm\/jovenes-reciben-formacion-en-inteligencia-artificial-a-traves-del-programa-mi-primer-empleo-del-mitradel\/","title":{"rendered":"J\u00f3venes reciben formaci\u00f3n en inteligencia artificial a trav\u00e9s del programa Mi Primer Empleo, del MITRADEL"},"content":{"rendered":"<ul>\n<li><strong>Los participantes fueron capacitados en t\u00e9cnicas para ampliar sus competencias digitales, con miras a reforzar sus conocimientos para lograr esa primera oportunidad laboral.<\/strong><\/li>\n<\/ul>\n<p>&nbsp;<\/p>\n<p>&nbsp;<\/p>\n<p><em><strong>El capacitar a los j\u00f3venes, es uno de los aspectos primordiales y fundamentales del programa Mi Primer Empleo, todo esto, con el fin de prepararlos en habilidades y conocimientos que les faciliten el ingreso a su primera oportunidad laboral.<\/strong><\/em><\/p>\n<p><strong>En tal sentido, un grupo de j\u00f3venes recibi\u00f3, como parte de este programa, una sesi\u00f3n de formaci\u00f3n en temas relacionados con la inteligencia artificial y desarrollo de competencias digitales, actividad que se llev\u00f3 a cabo, con el apoyo del Instituto Paname\u00f1o de Estudios Laborales (IPEL).<\/strong><\/p>\n<p><strong>Los participantes fueron motivados en forma directa, por la ministra de Trabajo de Panam\u00e1, Jackeline Mu\u00f1oz de Cede\u00f1o, quien aprovech\u00f3 la ocasi\u00f3n, para aconsejarlos y transmitirles un mensaje de superaci\u00f3n a trav\u00e9s de la educaci\u00f3n.<\/strong><\/p>\n<p><strong>\u201cNo podemos crear resistencia ante los cambios, por ello, aprovechen al m\u00e1ximo estas oportunidades y den lo mejor de s\u00ed, ya que el pa\u00eds los necesita\u201d, expres\u00f3 la titular de la cartera.<\/strong><\/p>\n<p><strong>Por otra parte, Arturo Murillo, coordinador de planes del Instituto Paname\u00f1o de Estudios Laborales del Ministerio de Trabajo y Desarrollo Laboral (MITRADEL), destac\u00f3 la importancia de seguir impulsando iniciativas que preparen a los j\u00f3venes para los desaf\u00edos del mundo laboral actual.<\/strong><\/p>\n<p><strong>Los j\u00f3venes, coincidieron en que se trata de acciones que les abren puertas para superarse y convertirse en mejores profesionales en el futuro, aline\u00e1ndose as\u00ed con las exigencias del mercado laboral.<\/strong><\/p>\n<p><strong>Cabe enfatizar, que esta iniciativa que lidera el propio presidente de Panam\u00e1, Jos\u00e9 Ra\u00fal Mulino, no solo fortalece las competencias de los j\u00f3venes, sino que tambi\u00e9n siembra las bases para una sociedad m\u00e1s preparada, equitativa y comprometida con el desarrollo sostenible del pa\u00eds. El programa Mi Primer Empleo, contin\u00faa siendo una puerta de entrada hacia un futuro con mayores oportunidades para la juventud paname\u00f1a.<\/strong><\/p>\n","protected":false},"excerpt":{"rendered":"<p>Los participantes fueron capacitados en t\u00e9cnicas para ampliar sus competencias <a href=\"https:\/\/sertv.gob.pa\/nacionalfm\/jovenes-reciben-formacion-en-inteligencia-artificial-a-traves-del-programa-mi-primer-empleo-del-mitradel\/\"> [&#8230;]<\/a><\/p>\n","protected":false},"author":9,"featured_media":109106,"comment_status":"closed","ping_status":"closed","sticky":false,"template":"","format":"standard","meta":{"footnotes":""},"categories":[2],"tags":[],"class_list":["post-109105","post","type-post","status-publish","format-standard","has-post-thumbnail","hentry","category-nacionales"],"_links":{"self":[{"href":"https:\/\/sertv.gob.pa\/nacionalfm\/wp-json\/wp\/v2\/posts\/109105","targetHints":{"allow":["GET"]}}],"collection":[{"href":"https:\/\/sertv.gob.pa\/nacionalfm\/wp-json\/wp\/v2\/posts"}],"about":[{"href":"https:\/\/sertv.gob.pa\/nacionalfm\/wp-json\/wp\/v2\/types\/post"}],"author":[{"embeddable":true,"href":"https:\/\/sertv.gob.pa\/nacionalfm\/wp-json\/wp\/v2\/users\/9"}],"replies":[{"embeddable":true,"href":"https:\/\/sertv.gob.pa\/nacionalfm\/wp-json\/wp\/v2\/comments?post=109105"}],"version-history":[{"count":2,"href":"https:\/\/sertv.gob.pa\/nacionalfm\/wp-json\/wp\/v2\/posts\/109105\/revisions"}],"predecessor-version":[{"id":109108,"href":"https:\/\/sertv.gob.pa\/nacionalfm\/wp-json\/wp\/v2\/posts\/109105\/revisions\/109108"}],"wp:featuredmedia":[{"embeddable":true,"href":"https:\/\/sertv.gob.pa\/nacionalfm\/wp-json\/wp\/v2\/media\/109106"}],"wp:attachment":[{"href":"https:\/\/sertv.gob.pa\/nacionalfm\/wp-json\/wp\/v2\/media?parent=109105"}],"wp:term":[{"taxonomy":"category","embeddable":true,"href":"https:\/\/sertv.gob.pa\/nacionalfm\/wp-json\/wp\/v2\/categories?post=109105"},{"taxonomy":"post_tag","embeddable":true,"href":"https:\/\/sertv.gob.pa\/nacionalfm\/wp-json\/wp\/v2\/tags?post=109105"}],"curies":[{"name":"wp","href":"https:\/\/api.w.org\/{rel}","templated":true}]}}