{"id":109109,"date":"2025-06-19T09:07:18","date_gmt":"2025-06-19T14:07:18","guid":{"rendered":"https:\/\/sertv.gob.pa\/nacionalfm\/?p=109109"},"modified":"2025-06-19T09:07:18","modified_gmt":"2025-06-19T14:07:18","slug":"como-nuevo-paso-panama-y-el-itc-estrechan-lazos-para-potenciar-a-las-mipymes-y-la-integracion-regional","status":"publish","type":"post","link":"https:\/\/sertv.gob.pa\/nacionalfm\/como-nuevo-paso-panama-y-el-itc-estrechan-lazos-para-potenciar-a-las-mipymes-y-la-integracion-regional\/","title":{"rendered":"Como nuevo paso: Panam\u00e1 y el ITC estrechan lazos para potenciar a las MIPYMES y la integraci\u00f3n regional"},"content":{"rendered":"<p><em><strong>Panam\u00e1, dio un nuevo paso en su agenda de cooperaci\u00f3n internacional con la reciente, reuni\u00f3n sostenida entre el ministro de Comercio e Industrias de Panam\u00e1, Julio Molt\u00f3 y la directora ejecutiva del Centro de Comercio Internacional (ITC), Pamela Coke-Hamilton, a fin de fortalecer la cooperaci\u00f3n bilateral e impulsar iniciativas de desarrollo econ\u00f3mico.<\/strong><\/em><\/p>\n<p><strong>El ITC, agencia conjunta de la OMC y las Naciones Unidas (UNCTAD), apoya a las MIPYMES en su integraci\u00f3n a los mercados globales. En ese contexto, las autoridades, destacaron la importancia de reforzar el ecosistema emprendedor, con Panam\u00e1 como plataforma clave de conexi\u00f3n regional.<\/strong><\/p>\n<p><strong>En este sentido, el ministro Molt\u00f3, manifest\u00f3 el inter\u00e9s del pa\u00eds, en participar en foros liderados por el ITC y colaborar en la definici\u00f3n de prioridades regionales. Igualmente, reafirm\u00f3 el compromiso de Panam\u00e1 con la facilitaci\u00f3n del comercio, la integraci\u00f3n econ\u00f3mica y el desarrollo sostenible.<\/strong><\/p>\n<p><strong>Hay que destacar, que los equipos del Ministerio de Comercio e Industrias (MICI), el ITC y la Misi\u00f3n Permanente de Panam\u00e1 ante la OMC trabajar\u00e1n coordinadamente para concretar proyectos con impacto directo en la regi\u00f3n.<\/strong><\/p>\n<p><strong>Durante la reuni\u00f3n, el ministro, estuvo acompa\u00f1ado por el Representante Permanente de Panam\u00e1 ante la OMC, embajador Alfredo Suescum, e Yvonne Gonz\u00e1lez, responsable de los temas del ITC en la Misi\u00f3n. Por parte del ITC, particip\u00f3 adem\u00e1s, Matias Urrutigoity, jefe de la Oficina para Am\u00e9rica Latina.<\/strong><\/p>\n","protected":false},"excerpt":{"rendered":"<p>Panam\u00e1, dio un nuevo paso en su agenda de cooperaci\u00f3n <a href=\"https:\/\/sertv.gob.pa\/nacionalfm\/como-nuevo-paso-panama-y-el-itc-estrechan-lazos-para-potenciar-a-las-mipymes-y-la-integracion-regional\/\"> [&#8230;]<\/a><\/p>\n","protected":false},"author":9,"featured_media":109110,"comment_status":"closed","ping_status":"closed","sticky":false,"template":"","format":"standard","meta":{"footnotes":""},"categories":[2],"tags":[],"class_list":["post-109109","post","type-post","status-publish","format-standard","has-post-thumbnail","hentry","category-nacionales"],"_links":{"self":[{"href":"https:\/\/sertv.gob.pa\/nacionalfm\/wp-json\/wp\/v2\/posts\/109109","targetHints":{"allow":["GET"]}}],"collection":[{"href":"https:\/\/sertv.gob.pa\/nacionalfm\/wp-json\/wp\/v2\/posts"}],"about":[{"href":"https:\/\/sertv.gob.pa\/nacionalfm\/wp-json\/wp\/v2\/types\/post"}],"author":[{"embeddable":true,"href":"https:\/\/sertv.gob.pa\/nacionalfm\/wp-json\/wp\/v2\/users\/9"}],"replies":[{"embeddable":true,"href":"https:\/\/sertv.gob.pa\/nacionalfm\/wp-json\/wp\/v2\/comments?post=109109"}],"version-history":[{"count":1,"href":"https:\/\/sertv.gob.pa\/nacionalfm\/wp-json\/wp\/v2\/posts\/109109\/revisions"}],"predecessor-version":[{"id":109111,"href":"https:\/\/sertv.gob.pa\/nacionalfm\/wp-json\/wp\/v2\/posts\/109109\/revisions\/109111"}],"wp:featuredmedia":[{"embeddable":true,"href":"https:\/\/sertv.gob.pa\/nacionalfm\/wp-json\/wp\/v2\/media\/109110"}],"wp:attachment":[{"href":"https:\/\/sertv.gob.pa\/nacionalfm\/wp-json\/wp\/v2\/media?parent=109109"}],"wp:term":[{"taxonomy":"category","embeddable":true,"href":"https:\/\/sertv.gob.pa\/nacionalfm\/wp-json\/wp\/v2\/categories?post=109109"},{"taxonomy":"post_tag","embeddable":true,"href":"https:\/\/sertv.gob.pa\/nacionalfm\/wp-json\/wp\/v2\/tags?post=109109"}],"curies":[{"name":"wp","href":"https:\/\/api.w.org\/{rel}","templated":true}]}}