{"id":109112,"date":"2025-06-19T09:24:26","date_gmt":"2025-06-19T14:24:26","guid":{"rendered":"https:\/\/sertv.gob.pa\/nacionalfm\/?p=109112"},"modified":"2025-06-19T09:24:26","modified_gmt":"2025-06-19T14:24:26","slug":"en-panama-se-dio-la-graduacion-del-ii-diplomado-en-inteligencia-policial-en-el-ambito-fronterizo-con-participacion-del-servicio-nacional-de-migracion","status":"publish","type":"post","link":"https:\/\/sertv.gob.pa\/nacionalfm\/en-panama-se-dio-la-graduacion-del-ii-diplomado-en-inteligencia-policial-en-el-ambito-fronterizo-con-participacion-del-servicio-nacional-de-migracion\/","title":{"rendered":"En Panam\u00e1 se dio la Graduaci\u00f3n del II Diplomado en Inteligencia Policial en el \u00c1mbito Fronterizo, con participaci\u00f3n del Servicio Nacional de Migraci\u00f3n"},"content":{"rendered":"<p><em><strong>En Panam\u00e1, se dio la Graduaci\u00f3n del II Diplomado en Inteligencia Policial en el \u00c1mbito Fronterizo, con participaci\u00f3n del Servicio Nacional de Migraci\u00f3n.<\/strong><\/em><\/p>\n<p><strong>El Servicio Nacional de Fronteras (SENAFRONT), llev\u00f3 a cabo la graduaci\u00f3n del II Diplomado en Inteligencia Policial en el \u00c1mbito Fronterizo, evento que cont\u00f3 con la participaci\u00f3n de dos unidades del Servicio Nacional de Migraci\u00f3n: el Cabo 2do. Ariel Araya y la Inspectora I, M\u00f3nica Medina.<\/strong><\/p>\n<p><strong>Este diplomado, tuvo como prop\u00f3sito capacitar a los participantes, en la gesti\u00f3n de la recopilaci\u00f3n, an\u00e1lisis y diseminaci\u00f3n de informaci\u00f3n clave para la prevenci\u00f3n y respuesta ante amenazas y actividades delictivas que puedan afectar la seguridad nacional y el orden p\u00fablico en las zonas lim\u00edtrofes.<\/strong><\/p>\n<p><strong>Este proceso formativo, abarc\u00f3 temas como: la vigilancia de fronteras, el an\u00e1lisis de riesgos y la cooperaci\u00f3n interinstitucional para anticipar y contrarrestar delitos como: el tr\u00e1fico de personas, el contrabando y el terrorismo.<\/strong><\/p>\n<p><strong>Para este acto de graduaci\u00f3n, se utiliz\u00f3 como sede, la Base del Servicio Nacional de Fronteras en Summit, consolidando as\u00ed, un paso importante en la formaci\u00f3n de agentes especializados en la seguridad fronteriza.<\/strong><\/p>\n","protected":false},"excerpt":{"rendered":"<p>En Panam\u00e1, se dio la Graduaci\u00f3n del II Diplomado en <a href=\"https:\/\/sertv.gob.pa\/nacionalfm\/en-panama-se-dio-la-graduacion-del-ii-diplomado-en-inteligencia-policial-en-el-ambito-fronterizo-con-participacion-del-servicio-nacional-de-migracion\/\"> [&#8230;]<\/a><\/p>\n","protected":false},"author":9,"featured_media":109113,"comment_status":"closed","ping_status":"closed","sticky":false,"template":"","format":"standard","meta":{"footnotes":""},"categories":[2],"tags":[],"class_list":["post-109112","post","type-post","status-publish","format-standard","has-post-thumbnail","hentry","category-nacionales"],"_links":{"self":[{"href":"https:\/\/sertv.gob.pa\/nacionalfm\/wp-json\/wp\/v2\/posts\/109112","targetHints":{"allow":["GET"]}}],"collection":[{"href":"https:\/\/sertv.gob.pa\/nacionalfm\/wp-json\/wp\/v2\/posts"}],"about":[{"href":"https:\/\/sertv.gob.pa\/nacionalfm\/wp-json\/wp\/v2\/types\/post"}],"author":[{"embeddable":true,"href":"https:\/\/sertv.gob.pa\/nacionalfm\/wp-json\/wp\/v2\/users\/9"}],"replies":[{"embeddable":true,"href":"https:\/\/sertv.gob.pa\/nacionalfm\/wp-json\/wp\/v2\/comments?post=109112"}],"version-history":[{"count":2,"href":"https:\/\/sertv.gob.pa\/nacionalfm\/wp-json\/wp\/v2\/posts\/109112\/revisions"}],"predecessor-version":[{"id":109115,"href":"https:\/\/sertv.gob.pa\/nacionalfm\/wp-json\/wp\/v2\/posts\/109112\/revisions\/109115"}],"wp:featuredmedia":[{"embeddable":true,"href":"https:\/\/sertv.gob.pa\/nacionalfm\/wp-json\/wp\/v2\/media\/109113"}],"wp:attachment":[{"href":"https:\/\/sertv.gob.pa\/nacionalfm\/wp-json\/wp\/v2\/media?parent=109112"}],"wp:term":[{"taxonomy":"category","embeddable":true,"href":"https:\/\/sertv.gob.pa\/nacionalfm\/wp-json\/wp\/v2\/categories?post=109112"},{"taxonomy":"post_tag","embeddable":true,"href":"https:\/\/sertv.gob.pa\/nacionalfm\/wp-json\/wp\/v2\/tags?post=109112"}],"curies":[{"name":"wp","href":"https:\/\/api.w.org\/{rel}","templated":true}]}}