{"id":109116,"date":"2025-06-19T09:51:58","date_gmt":"2025-06-19T14:51:58","guid":{"rendered":"https:\/\/sertv.gob.pa\/nacionalfm\/?p=109116"},"modified":"2025-06-19T09:51:58","modified_gmt":"2025-06-19T14:51:58","slug":"el-ministerio-de-educacion-de-panama-impulsa-una-renovacion-curricular-nacional-con-amplia-participacion-social","status":"publish","type":"post","link":"https:\/\/sertv.gob.pa\/nacionalfm\/el-ministerio-de-educacion-de-panama-impulsa-una-renovacion-curricular-nacional-con-amplia-participacion-social\/","title":{"rendered":"El Ministerio de Educaci\u00f3n de Panam\u00e1, impulsa una renovaci\u00f3n curricular nacional con amplia participaci\u00f3n social"},"content":{"rendered":"<p><em><strong>El Ministerio de Educaci\u00f3n de Panam\u00e1, dio comienzo a la jornada taller \u201cPunto de Partida\u201d, un espacio estrat\u00e9gico y participativo para la construcci\u00f3n del nuevo curr\u00edculo acad\u00e9mico nacional, orientado a actualizar el perfil de egreso de los estudiantes de educaci\u00f3n b\u00e1sica general y media.<\/strong><\/em><\/p>\n<p><strong>Al respecto, la ministra de Educaci\u00f3n de Panam\u00e1, Lucy Molinar, explic\u00f3 que, el objetivo es definir los perfiles de egreso de los estudiantes, para luego realizar las adecuaciones curriculares necesarias que permitan actualizar el curr\u00edculo. La idea es que en el MEDUCA, quede institucionalizado el compromiso de dialogar con los dos destinos naturales de los egresados: la educaci\u00f3n superior y el \u00e1mbito laboral.<\/strong><\/p>\n<p><strong>Este proceso, marca un hito en la transformaci\u00f3n educativa del pa\u00eds, al convocar a representantes de diversos sectores de la sociedad: comunidad educativa, sector empresarial, fundaciones, productores, organismos nacionales e internacionales. La iniciativa responde a la necesidad de adaptar el sistema educativo a los retos del siglo XXI, fortaleciendo las competencias, habilidades y valores necesarios para el desarrollo integral de los estudiantes.<\/strong><\/p>\n<p><strong>Por su parte, la directora nacional de Curr\u00edculo y Tecnolog\u00eda Educativa, Isis N\u00fa\u00f1ez, se\u00f1al\u00f3 que, durante esta primera fase, se desarrollan tres d\u00edas de trabajo intensivo, organizados en 11 mesas tem\u00e1ticas integradas por especialistas en distintas asignaturas de los bachilleratos.<\/strong><\/p>\n<p><strong>Mientras que, Mois\u00e9s Cohen, representante de la Fundaci\u00f3n Emprendamos, felicit\u00f3 al MEDUCA por esta iniciativa, la cual considera importante para formar estudiantes con las competencias que requiere el mercado laboral.<\/strong><\/p>\n<p><strong>Este espacio ha sido dise\u00f1ado para promover un di\u00e1logo abierto, t\u00e9cnico y multisectorial, en el que se comparten experiencias, se identifican necesidades del contexto y se construye una visi\u00f3n com\u00fan sobre el curr\u00edculo que requiere el pa\u00eds.<\/strong><\/p>\n<p><strong>Los insumos y conclusiones que surjan de estas mesas de trabajo, ser\u00e1n fundamentales para la siguiente etapa del proceso de revisi\u00f3n curricular. Gracias al consenso logrado sobre las competencias y aprendizajes clave que deben alcanzar los estudiantes, se avanza hacia un curr\u00edculo m\u00e1s pertinente, inclusivo y alineado con las demandas del entorno global y nacional.<\/strong><\/p>\n<p><strong>Cabe mencionar, que durante la ceremonia, tambi\u00e9n se realiz\u00f3 la firma de un convenio entre el Ministerio de Educaci\u00f3n y universidades estatales y privadas, con miras a reforzar los aprendizajes de los estudiantes de duod\u00e9cimo grado. La rectora de la Universidad Tecnol\u00f3gica de Panam\u00e1, Dra. \u00c1ngela Laguna Caicedo, expres\u00f3 que, los cursos de afianzamiento les permitir\u00e1n adquirir mayores conocimientos en diferentes asignaturas.<\/strong><\/p>\n","protected":false},"excerpt":{"rendered":"<p>El Ministerio de Educaci\u00f3n de Panam\u00e1, dio comienzo a la <a href=\"https:\/\/sertv.gob.pa\/nacionalfm\/el-ministerio-de-educacion-de-panama-impulsa-una-renovacion-curricular-nacional-con-amplia-participacion-social\/\"> [&#8230;]<\/a><\/p>\n","protected":false},"author":9,"featured_media":109117,"comment_status":"closed","ping_status":"closed","sticky":false,"template":"","format":"standard","meta":{"footnotes":""},"categories":[2],"tags":[],"class_list":["post-109116","post","type-post","status-publish","format-standard","has-post-thumbnail","hentry","category-nacionales"],"_links":{"self":[{"href":"https:\/\/sertv.gob.pa\/nacionalfm\/wp-json\/wp\/v2\/posts\/109116","targetHints":{"allow":["GET"]}}],"collection":[{"href":"https:\/\/sertv.gob.pa\/nacionalfm\/wp-json\/wp\/v2\/posts"}],"about":[{"href":"https:\/\/sertv.gob.pa\/nacionalfm\/wp-json\/wp\/v2\/types\/post"}],"author":[{"embeddable":true,"href":"https:\/\/sertv.gob.pa\/nacionalfm\/wp-json\/wp\/v2\/users\/9"}],"replies":[{"embeddable":true,"href":"https:\/\/sertv.gob.pa\/nacionalfm\/wp-json\/wp\/v2\/comments?post=109116"}],"version-history":[{"count":1,"href":"https:\/\/sertv.gob.pa\/nacionalfm\/wp-json\/wp\/v2\/posts\/109116\/revisions"}],"predecessor-version":[{"id":109118,"href":"https:\/\/sertv.gob.pa\/nacionalfm\/wp-json\/wp\/v2\/posts\/109116\/revisions\/109118"}],"wp:featuredmedia":[{"embeddable":true,"href":"https:\/\/sertv.gob.pa\/nacionalfm\/wp-json\/wp\/v2\/media\/109117"}],"wp:attachment":[{"href":"https:\/\/sertv.gob.pa\/nacionalfm\/wp-json\/wp\/v2\/media?parent=109116"}],"wp:term":[{"taxonomy":"category","embeddable":true,"href":"https:\/\/sertv.gob.pa\/nacionalfm\/wp-json\/wp\/v2\/categories?post=109116"},{"taxonomy":"post_tag","embeddable":true,"href":"https:\/\/sertv.gob.pa\/nacionalfm\/wp-json\/wp\/v2\/tags?post=109116"}],"curies":[{"name":"wp","href":"https:\/\/api.w.org\/{rel}","templated":true}]}}