{"id":109119,"date":"2025-06-19T10:19:47","date_gmt":"2025-06-19T15:19:47","guid":{"rendered":"https:\/\/sertv.gob.pa\/nacionalfm\/?p=109119"},"modified":"2025-06-19T10:19:47","modified_gmt":"2025-06-19T15:19:47","slug":"ante-crisis-ambiental-miambiente-impulsa-reciclaje-de-botellas-para-la-proteccion-de-los-rios-de-azuero","status":"publish","type":"post","link":"https:\/\/sertv.gob.pa\/nacionalfm\/ante-crisis-ambiental-miambiente-impulsa-reciclaje-de-botellas-para-la-proteccion-de-los-rios-de-azuero\/","title":{"rendered":"Ante crisis ambiental: MiAMBIENTE, impulsa reciclaje de botellas para la protecci\u00f3n de los r\u00edos de Azuero"},"content":{"rendered":"<p><em><strong>En respuesta a la reciente crisis ambiental que enfrenta la regi\u00f3n de Azuero,las autoridades del Ministerio de Ambiente (MiAMBIENTE), ha npuesto en marcha, una campa\u00f1a dirigida a toda la ciudadan\u00eda, con la intenci\u00f3n de promover el reciclaje responsable de botellas pl\u00e1sticas y promover una cultura de respeto y conciencia ambiental.<\/strong><\/em><\/p>\n<p><strong>Esta iniciativa surge como parte de las medidas adoptadas ante la emergencia ambiental que ha obligado a numerosas comunidades a depender del agua embotellada, lo cual ha incrementado la cantidad de botellas desechadas en r\u00edos, calles y espacios p\u00fablicos. Bajo el lema \u201cSin contaminaci\u00f3n por pl\u00e1stico\u201d, la campa\u00f1a, intenta transformar esta situaci\u00f3n cr\u00edtica, en una oportunidad para el cambio.<\/strong><\/p>\n<p><strong>\u201cHoy no solo respondemos a una emergencia, sino que sembramos las bases de una nueva relaci\u00f3n con nuestro entorno. Esta campa\u00f1a, es una acci\u00f3n concreta para transformar una situaci\u00f3n cr\u00edtica en una oportunidad de cambio ambiental y social. Azuero, merece r\u00edos limpios y ciudadanos comprometidos con su tierra\u201d, indic\u00f3 el ministro de Ambiente de Panam\u00e1, Juan Carlos Navarro.<\/strong><\/p>\n<p><strong>Entre las acciones de la campa\u00f1a, se encuentra la instalaci\u00f3n de puntos de acopio en escuelas, supermercados, iglesias, parques y otros espacios comunitarios, donde los ciudadanos podr\u00e1n depositar las botellas para su posterior reciclaje. Esta iniciativa, de igual forma, contempla jornadas educativas, charlas, distribuci\u00f3n de material did\u00e1ctico y promoci\u00f3n en medios regionales y redes sociales.<\/strong><\/p>\n<p><strong>Hay que mencionar que los envases recolectados ser\u00e1n procesados posteriormente, en la planta de Recimetal, ubicada en Boca Parita, Monagrillo, con el apoyo de aliados estrat\u00e9gicos como: Naturgy, Ecoplastic, gobiernos locales, clubes c\u00edvicos, juntas comunales y medios de comunicaci\u00f3n. Tambi\u00e9n, se han habilitado rutas m\u00f3viles para facilitar la recolecci\u00f3n en comunidades de dif\u00edcil acceso.<\/strong><\/p>\n<p><strong>Es bueno enfatizar que, para facilitar la participaci\u00f3n en esta importante campa\u00f1a, MiAMBIENTE, ha establecido diversos puntos de acopio en lugares estrat\u00e9gicos dentro de la regi\u00f3n de Azuero. En estos espacios, los ciudadanos podr\u00e1n depositar sus botellas pl\u00e1sticas para que sean recogidas y enviadas al proceso de reciclaje.<\/strong><\/p>\n<p>&nbsp;<\/p>\n<p>&nbsp;<\/p>\n<p>&nbsp;<\/p>\n","protected":false},"excerpt":{"rendered":"<p>En respuesta a la reciente crisis ambiental que enfrenta la <a href=\"https:\/\/sertv.gob.pa\/nacionalfm\/ante-crisis-ambiental-miambiente-impulsa-reciclaje-de-botellas-para-la-proteccion-de-los-rios-de-azuero\/\"> [&#8230;]<\/a><\/p>\n","protected":false},"author":9,"featured_media":109120,"comment_status":"closed","ping_status":"closed","sticky":false,"template":"","format":"standard","meta":{"footnotes":""},"categories":[2],"tags":[],"class_list":["post-109119","post","type-post","status-publish","format-standard","has-post-thumbnail","hentry","category-nacionales"],"_links":{"self":[{"href":"https:\/\/sertv.gob.pa\/nacionalfm\/wp-json\/wp\/v2\/posts\/109119","targetHints":{"allow":["GET"]}}],"collection":[{"href":"https:\/\/sertv.gob.pa\/nacionalfm\/wp-json\/wp\/v2\/posts"}],"about":[{"href":"https:\/\/sertv.gob.pa\/nacionalfm\/wp-json\/wp\/v2\/types\/post"}],"author":[{"embeddable":true,"href":"https:\/\/sertv.gob.pa\/nacionalfm\/wp-json\/wp\/v2\/users\/9"}],"replies":[{"embeddable":true,"href":"https:\/\/sertv.gob.pa\/nacionalfm\/wp-json\/wp\/v2\/comments?post=109119"}],"version-history":[{"count":1,"href":"https:\/\/sertv.gob.pa\/nacionalfm\/wp-json\/wp\/v2\/posts\/109119\/revisions"}],"predecessor-version":[{"id":109121,"href":"https:\/\/sertv.gob.pa\/nacionalfm\/wp-json\/wp\/v2\/posts\/109119\/revisions\/109121"}],"wp:featuredmedia":[{"embeddable":true,"href":"https:\/\/sertv.gob.pa\/nacionalfm\/wp-json\/wp\/v2\/media\/109120"}],"wp:attachment":[{"href":"https:\/\/sertv.gob.pa\/nacionalfm\/wp-json\/wp\/v2\/media?parent=109119"}],"wp:term":[{"taxonomy":"category","embeddable":true,"href":"https:\/\/sertv.gob.pa\/nacionalfm\/wp-json\/wp\/v2\/categories?post=109119"},{"taxonomy":"post_tag","embeddable":true,"href":"https:\/\/sertv.gob.pa\/nacionalfm\/wp-json\/wp\/v2\/tags?post=109119"}],"curies":[{"name":"wp","href":"https:\/\/api.w.org\/{rel}","templated":true}]}}