{"id":109122,"date":"2025-06-19T10:32:54","date_gmt":"2025-06-19T15:32:54","guid":{"rendered":"https:\/\/sertv.gob.pa\/nacionalfm\/?p=109122"},"modified":"2025-06-19T10:32:54","modified_gmt":"2025-06-19T15:32:54","slug":"comunicado-42","status":"publish","type":"post","link":"https:\/\/sertv.gob.pa\/nacionalfm\/comunicado-42\/","title":{"rendered":"COMUNICADO"},"content":{"rendered":"<p><strong>REGI\u00d3N METROPOLITANA DE SALUD<\/strong><\/p>\n<p><strong>La Direcci\u00f3n M\u00e9dica del Policentro Luis H. Moreno, del corregimiento de Parque Lefevre, informa a la poblaci\u00f3n que los servicios y atenciones m\u00e9dicas del jueves 20 de junio del a\u00f1o en curso se brindar\u00e1n hasta las 2:00 p.m., debido a una nebulizaci\u00f3n programada en la instalaci\u00f3n de salud.<\/strong><\/p>\n<p><strong>Agradecemos a los usuarios su comprensi\u00f3n y, de requerir los servicios y atenciones m\u00e9dicas, se les solicita trasladarse a otra instalaci\u00f3n de salud cercana.<\/strong><\/p>\n<p><strong>Para el viernes 21 de junio, el Policentro Luis H. Moreno reanudar\u00e1 sus atenciones y servicios en horario regular, de 7:00 a.m. a 3:00 p.m., y su horario extendido en urgencias hasta las 6:00 p.m.<\/strong><\/p>\n<p><strong>El Ministerio de Salud reafirma su compromiso con toda la poblaci\u00f3n; estas acciones buscan mejorar los servicios y la atenci\u00f3n primaria en salud.<\/strong><\/p>\n<p>&nbsp;<\/p>\n","protected":false},"excerpt":{"rendered":"<p>REGI\u00d3N METROPOLITANA DE SALUD La Direcci\u00f3n M\u00e9dica del Policentro Luis <a href=\"https:\/\/sertv.gob.pa\/nacionalfm\/comunicado-42\/\"> [&#8230;]<\/a><\/p>\n","protected":false},"author":9,"featured_media":109123,"comment_status":"closed","ping_status":"closed","sticky":false,"template":"","format":"standard","meta":{"footnotes":""},"categories":[2],"tags":[],"class_list":["post-109122","post","type-post","status-publish","format-standard","has-post-thumbnail","hentry","category-nacionales"],"_links":{"self":[{"href":"https:\/\/sertv.gob.pa\/nacionalfm\/wp-json\/wp\/v2\/posts\/109122","targetHints":{"allow":["GET"]}}],"collection":[{"href":"https:\/\/sertv.gob.pa\/nacionalfm\/wp-json\/wp\/v2\/posts"}],"about":[{"href":"https:\/\/sertv.gob.pa\/nacionalfm\/wp-json\/wp\/v2\/types\/post"}],"author":[{"embeddable":true,"href":"https:\/\/sertv.gob.pa\/nacionalfm\/wp-json\/wp\/v2\/users\/9"}],"replies":[{"embeddable":true,"href":"https:\/\/sertv.gob.pa\/nacionalfm\/wp-json\/wp\/v2\/comments?post=109122"}],"version-history":[{"count":1,"href":"https:\/\/sertv.gob.pa\/nacionalfm\/wp-json\/wp\/v2\/posts\/109122\/revisions"}],"predecessor-version":[{"id":109124,"href":"https:\/\/sertv.gob.pa\/nacionalfm\/wp-json\/wp\/v2\/posts\/109122\/revisions\/109124"}],"wp:featuredmedia":[{"embeddable":true,"href":"https:\/\/sertv.gob.pa\/nacionalfm\/wp-json\/wp\/v2\/media\/109123"}],"wp:attachment":[{"href":"https:\/\/sertv.gob.pa\/nacionalfm\/wp-json\/wp\/v2\/media?parent=109122"}],"wp:term":[{"taxonomy":"category","embeddable":true,"href":"https:\/\/sertv.gob.pa\/nacionalfm\/wp-json\/wp\/v2\/categories?post=109122"},{"taxonomy":"post_tag","embeddable":true,"href":"https:\/\/sertv.gob.pa\/nacionalfm\/wp-json\/wp\/v2\/tags?post=109122"}],"curies":[{"name":"wp","href":"https:\/\/api.w.org\/{rel}","templated":true}]}}