{"id":109131,"date":"2025-06-19T12:17:12","date_gmt":"2025-06-19T17:17:12","guid":{"rendered":"https:\/\/sertv.gob.pa\/nacionalfm\/?p=109131"},"modified":"2025-06-19T12:17:12","modified_gmt":"2025-06-19T17:17:12","slug":"panama-no-escatimara-esfuerzos-para-evacuar-a-ciudadanos-panamenos-atrapados-en-el-conflicto-armado-en-medio-oriente","status":"publish","type":"post","link":"https:\/\/sertv.gob.pa\/nacionalfm\/panama-no-escatimara-esfuerzos-para-evacuar-a-ciudadanos-panamenos-atrapados-en-el-conflicto-armado-en-medio-oriente\/","title":{"rendered":"Panam\u00e1 no escatimar\u00e1 esfuerzos para evacuar a ciudadanos paname\u00f1os atrapados en el conflicto armado en Medio Oriente"},"content":{"rendered":"<p><strong>Ante la profundizaci\u00f3n del conflicto armado entre Ir\u00e1n e Israel, el Ministerio de Relaciones Exteriores, anunci\u00f3 que, no escatimar\u00e1 esfuerzos para evacuar a sus connacionales de las zonas de guerra y, este mi\u00e9rcoles, activ\u00f3 un plan de acci\u00f3n a trav\u00e9s del Centro de Coordinaci\u00f3n de Informaci\u00f3n (CECODI) con el objetivo de atender a los familiares y ciudadanos paname\u00f1os que se encuentran varados en estos momentos en Medio Oriente y solicitan ser evacuados a Panam\u00e1.<\/strong><\/p>\n<p><strong>La puesta en marcha del CECODI, tiene como objetivo brindar un servicio las 24 horas del d\u00eda, los 7 d\u00edas de la semana, y permitir\u00e1 a los ciudadanos llamar e informar sobre sus amigos, familiares y seres queridos que se encuentren estudiando, trabajando, viviendo o de turismo en Medio Oriente.<\/strong><\/p>\n<p><strong>\u00abEn este conflicto, las embajadas de Panam\u00e1 en Israel y en Egipto han trabajado de manera armoniosa para realizar con \u00e9xito dos procesos de evacuaci\u00f3n en los dos \u00faltimos d\u00edas\u00bb, se\u00f1al\u00f3 Alejandro Mendoza, viceministro encargado de Relaciones Exteriores.<\/strong><\/p>\n<p><strong>El viceministro encargado, Mendoza, a\u00f1adi\u00f3 que \u00abun grupo de 16 personas y otro de 19 fueron evacuados a trav\u00e9s de Egipto y ya se encuentran en suelo paname\u00f1o. Esperamos poder seguir replicando estas evacuaciones siempre y cuando el Estado de Israel lo considere oportuno, seg\u00fan el nivel de riesgo\u00bb.<\/strong><\/p>\n<p><strong>Con respecto al grupo de tres paname\u00f1os que se encontraban de turistas en Ir\u00e1n, el vicecanciller encargado Mendoza indic\u00f3 que \u201cse les brind\u00f3 todo el apoyo a trav\u00e9s de nuestras embajadas en Emiratos \u00c1rabes Unidos y Turqu\u00eda para trasladarlos a la frontera de Armenia y proseguir con el proceso de evacuaci\u00f3n\u201d.<\/strong><\/p>\n<p><strong>Para llevar a cabo esta gran labor, el viceministro encargado Mendoza destac\u00f3 que \u00abel Ministerio de Relaciones Exteriores convoc\u00f3 a los voluntarios que componen su fuerza laboral para ayudar a dar respuesta a las personas afectadas por este conflicto y solicit\u00f3 a todos los paname\u00f1os que se registraran en las embajadas y consulados al viajar a zonas de conflicto\u00bb.<\/strong><\/p>\n<p><strong>Por su parte, Susan Thornhill, coordinadora de CECODI, se\u00f1al\u00f3 que, este centro ha sido activado para proporcionar una l\u00ednea directa de informaci\u00f3n a los paname\u00f1os de Oriente Medio y a sus familias en Panam\u00e1.<\/strong><\/p>\n<p><strong>\u00abEl objetivo es garantizar una comunicaci\u00f3n clara sobre los esfuerzos de evacuaci\u00f3n y repatriaci\u00f3n. Se ha establecido una l\u00ednea directa accesible a trav\u00e9s del sitio web del Ministerio para asistir a quienes buscan informaci\u00f3n o desean reportar la presencia de paname\u00f1os en la zona\u00bb, expres\u00f3.<\/strong><\/p>\n<p><strong>Thornhill, agreg\u00f3 que, otra de las funciones de CECODI, es coordinarse con las embajadas y consulados para facilitar los esfuerzos de evacuaci\u00f3n y repatriaci\u00f3n y puntualiz\u00f3 que \u00abesta l\u00ednea directa es una herramienta crucial para mantener la comunicaci\u00f3n y brindar toda la asistencia posible en todo momento\u00bb.<\/strong><\/p>\n<p><em><strong>Para comunicarte con CECODI puedes llamar a los siguientes n\u00fameros: (507) 504-9514 y (507) 6330-6252 a trav\u00e9s de WhatsApp, y enviar correos a cecodi@mire.gob.pa.<\/strong><\/em><\/p>\n","protected":false},"excerpt":{"rendered":"<p>Ante la profundizaci\u00f3n del conflicto armado entre Ir\u00e1n e Israel, <a href=\"https:\/\/sertv.gob.pa\/nacionalfm\/panama-no-escatimara-esfuerzos-para-evacuar-a-ciudadanos-panamenos-atrapados-en-el-conflicto-armado-en-medio-oriente\/\"> [&#8230;]<\/a><\/p>\n","protected":false},"author":9,"featured_media":109132,"comment_status":"closed","ping_status":"closed","sticky":false,"template":"","format":"standard","meta":{"footnotes":""},"categories":[2],"tags":[],"class_list":["post-109131","post","type-post","status-publish","format-standard","has-post-thumbnail","hentry","category-nacionales"],"_links":{"self":[{"href":"https:\/\/sertv.gob.pa\/nacionalfm\/wp-json\/wp\/v2\/posts\/109131","targetHints":{"allow":["GET"]}}],"collection":[{"href":"https:\/\/sertv.gob.pa\/nacionalfm\/wp-json\/wp\/v2\/posts"}],"about":[{"href":"https:\/\/sertv.gob.pa\/nacionalfm\/wp-json\/wp\/v2\/types\/post"}],"author":[{"embeddable":true,"href":"https:\/\/sertv.gob.pa\/nacionalfm\/wp-json\/wp\/v2\/users\/9"}],"replies":[{"embeddable":true,"href":"https:\/\/sertv.gob.pa\/nacionalfm\/wp-json\/wp\/v2\/comments?post=109131"}],"version-history":[{"count":1,"href":"https:\/\/sertv.gob.pa\/nacionalfm\/wp-json\/wp\/v2\/posts\/109131\/revisions"}],"predecessor-version":[{"id":109133,"href":"https:\/\/sertv.gob.pa\/nacionalfm\/wp-json\/wp\/v2\/posts\/109131\/revisions\/109133"}],"wp:featuredmedia":[{"embeddable":true,"href":"https:\/\/sertv.gob.pa\/nacionalfm\/wp-json\/wp\/v2\/media\/109132"}],"wp:attachment":[{"href":"https:\/\/sertv.gob.pa\/nacionalfm\/wp-json\/wp\/v2\/media?parent=109131"}],"wp:term":[{"taxonomy":"category","embeddable":true,"href":"https:\/\/sertv.gob.pa\/nacionalfm\/wp-json\/wp\/v2\/categories?post=109131"},{"taxonomy":"post_tag","embeddable":true,"href":"https:\/\/sertv.gob.pa\/nacionalfm\/wp-json\/wp\/v2\/tags?post=109131"}],"curies":[{"name":"wp","href":"https:\/\/api.w.org\/{rel}","templated":true}]}}