{"id":109143,"date":"2025-06-19T13:54:04","date_gmt":"2025-06-19T18:54:04","guid":{"rendered":"https:\/\/sertv.gob.pa\/nacionalfm\/?p=109143"},"modified":"2025-06-19T14:03:33","modified_gmt":"2025-06-19T19:03:33","slug":"mulino-anuncia-licitacion-de-recoleccion-de-basura-en-la-capital-y-reactivacion-del-centro-de-fronteras-en-paso-canoas","status":"publish","type":"post","link":"https:\/\/sertv.gob.pa\/nacionalfm\/mulino-anuncia-licitacion-de-recoleccion-de-basura-en-la-capital-y-reactivacion-del-centro-de-fronteras-en-paso-canoas\/","title":{"rendered":"Mulino anuncia licitaci\u00f3n de recolecci\u00f3n de basura en la capital y reactivaci\u00f3n del Centro de Fronteras en Paso Canoas"},"content":{"rendered":"<p>Un proceso de licitaci\u00f3n p\u00fablica para la recolecci\u00f3n de la basura en la capital, la reactivaci\u00f3n de la obra del Centro Nacional de Fronteras de Paso Canoas en Chiriqu\u00ed, la escogencia de Panam\u00e1 como sede de la Copa Am\u00e9rica de B\u00e9isbol 2025 y la inauguraci\u00f3n de un moderno resonador magn\u00e9tico en la Policl\u00ednica Santiago Barraza, fueron parte de los anuncios realizados hoy por el presidente de la Rep\u00fablica, Jos\u00e9 Ra\u00fal Mulino, en su habitual conferencia de los jueves.<\/p>\n<p>El mandatario, destac\u00f3 que, por primera vez en 15 a\u00f1os, desde la creaci\u00f3n de la Autoridad de Aseo Urbano y Domiciliario (AAUD), se ha convocado mediante un proceso de licitaci\u00f3n p\u00fablica por mejor valor, bajo la movilidad por rengl\u00f3n, la contrataci\u00f3n de servicios de recolecci\u00f3n barrido, limpieza y transporte de residuos s\u00f3lidos, urbanos, comerciales y domiciliarios en el distrito de Panam\u00e1.<\/p>\n<p>Explic\u00f3 que, esta contrataci\u00f3n, tendr\u00e1 una duraci\u00f3n de 84 meses y \u201crepresenta un paso decisivo hacia una gesti\u00f3n m\u00e1s moderna, eficiente y sostenible de nuestros residuos\u201d. Resalt\u00f3 la transparencia de este proceso, el cual espera cuente con la participaci\u00f3n de las mejores empresas internacionales del sector, para que \u201cpor fin se d\u00e9 una soluci\u00f3n definitiva y a largo plazo al tema de basura\u201d.<\/p>\n<p><em><strong>Policl\u00ednica Dr. Santiago Barraza cuenta con moderno resonador magn\u00e9tico<\/strong><\/em><\/p>\n<p>El presidente Mulino, adem\u00e1s destac\u00f3 la inauguraci\u00f3n de un moderno resonador magn\u00e9tico en la Policl\u00ednica Dr. Santiago Barraza, de La Chorrera (Panam\u00e1 Oeste), para beneficio de los usuarios de esta parte del pa\u00eds, que no ten\u00edan acceso a este servicio.<\/p>\n<p>Mencion\u00f3 que, este logro obedece a gestiones realizadas luego de haber escuchado la petici\u00f3n de este servicio durante un recorrido por este centro m\u00e9dico. \u201cPara mi gobierno, el paciente es primero, y avanzamos en ese sentido y me da mucha complacencia (la inauguraci\u00f3n). Las visitas (a las instalaciones de salud) son importantes, porque las necesidades de la gente no son siempre las prioridades de los dirigentes. Eso es as\u00ed\u201d, detall\u00f3.<\/p>\n<p>\u201cEscuch\u00e9 a los profesionales que estaban haciendo las pasant\u00edas y salieron los recursos para pagarles. Escuch\u00e9 la necesidad de ambulancia y estamos sumando veinticuatro nuevas unidades y me pidieron un resonador y ah\u00ed est\u00e1 el resonador. Con mucho esfuerzo de nuestros propios recursos\u201d, indic\u00f3.<\/p>\n<p>De igual modo, el presidente Mulino, destac\u00f3 el inicio de las operaciones de traslado de pacientes y los respectivos equipos a las nuevas y modernas instalaciones del Centro Hospitalario ubicado al lado del Hospital Regional Dr. Rafael Hern\u00e1ndez -de David, Chiriqu\u00ed-, un proceso que se dar\u00e1 de forma progresiva y ordenada.<\/p>\n<p>Asmismo, comparti\u00f3 su satisfacci\u00f3n por el avance de la construcci\u00f3n del Hospital de Bugaba (Chiriqu\u00ed), el cual prev\u00e9 sea inaugurado entre noviembre y diciembre de este a\u00f1o. \u201cEs un verdadero centro hospitalario, moderno de primer mundo, para toda esa regi\u00f3n del pa\u00eds que no ten\u00eda hospital y que estaba tirado, abandonado, perdi\u00e9ndose en el monte.<\/p>\n<p><em><strong>Panam\u00e1, sede de la Copa Am\u00e9rica de B\u00e9isbol 2025<\/strong><\/em><\/p>\n<p>El Jefe del Ejecutivo, tambi\u00e9n anunci\u00f3 que, Panam\u00e1, ha sido seleccionada como sede oficial del Grupo B de la Copa Am\u00e9rica de B\u00e9isbol 2025, el primer torneo continental de su tipo, organizado bajo el aval de la Confederaci\u00f3n Mundial de B\u00e9isbol y S\u00f3ftbol.<\/p>\n<p>La sede oficial, ser\u00e1 el Estadio Mariano Rivera en la ciudad de Panam\u00e1, del 13 al 22 de noviembre de 2025, y contar\u00e1 con la participaci\u00f3n de miles de fan\u00e1ticos, atletas, medios de comunicaci\u00f3n y delegaciones internacionales. Se trata de un acontecimiento que reafirma nuestra tradici\u00f3n beisbolera, rinde homenaje a nuestras leyendas deportivas y proyecta a Panam\u00e1, como un pa\u00eds con infraestructura, hospitalidad y capacidad organizativa de primer nivel.<\/p>\n<p>\u201cDesde ya trabajamos para que esta copa sea un \u00e9xito tur\u00edstico y deportivo\u201d, destac\u00f3. \u201cInvito a Todos los paname\u00f1os a vivir esta fiesta deportiva con orgullo, con civismo y con el compromiso de mostrar al mundo el talento, la pasi\u00f3n y el coraz\u00f3n de esta gran naci\u00f3n\u201d, agreg\u00f3.<\/p>\n<p><em><strong>Gobierno reactiva obra del Centro Nacional de Fronteras de Paso Canoas<\/strong><\/em><\/p>\n<p>Asimismo, el presidente Mulino, anunci\u00f3 que, tras seis a\u00f1os de retraso, y dos a\u00f1os con la obra frenada, el Gobierno Nacional, ha logrado reactivar la construcci\u00f3n del Centro Nacional de Fronteras de Paso Canoas (Chiriqu\u00ed), una de las m\u00e1s importantes estructuras del programa de integraci\u00f3n aduanera con Costa Rica.<\/p>\n<p>Inform\u00f3 que, al inicio de su mandato, la infraestructura del lado de Panam\u00e1, ten\u00eda solo un avance del 15%, y se encontraba paralizada. Explic\u00f3 que, con la reactivaci\u00f3n, el proyecto debe culminar en junio del pr\u00f3ximo a\u00f1o. Costa Rica ya cumpli\u00f3 con la construcci\u00f3n de la obra en su territorio.<\/p>\n<p>\u201cEl proyecto PILA (Programa de Integraci\u00f3n Log\u00edstica Aduanera) tiene como prop\u00f3sito modernizar los pasos fronterizos entre Panam\u00e1 y Costa Rica, mejorar la infraestructura aduanera, optimizar el tr\u00e1nsito de mercanc\u00edas y personas, y reforzar la seguridad mediante tecnolog\u00eda avanzada\u201d, subray\u00f3.<\/p>\n<p><em><strong>Plan de Gobierno no se detiene<\/strong><\/em><\/p>\n<p>Pr\u00f3ximo a cumplir el primer a\u00f1o de mandato, el presidente Mulino, destac\u00f3 que, su plan de gobierno no se detiene, muestra de ello la reactivaci\u00f3n de proyectos paralizados por a\u00f1os y el proceder de nuevas obras en salud, carreteras e infraestructura, plan de gesti\u00f3n que se ir\u00e1 desarrollando con pr\u00f3ximas licitaciones millonarias para reactivar la econom\u00eda y destinando miles de plazas de empleo.<\/p>\n<p>Dentro de estas obras, en el sector salud, por ejemplo, anunci\u00f3 que, el pr\u00f3ximo 25 de junio, inaugurar\u00e1 el hospital Manuel amador Guerrero en Col\u00f3n, seguido de las instalaciones cl\u00ednicas en Metet\u00ed.<\/p>\n<p>Hizo referencia al traslado de las atenciones del materno infantil y del oncol\u00f3gico a la nueva Ciudad Hospitalaria, rescatada de muchos a\u00f1os en abandono y que con su gobierno en la actualidad, atiende a miles de pacientes en instalaciones del primer mundo.<\/p>\n<p>Tambi\u00e9n anunci\u00f3 que, el MINSA, estar\u00e1 dando apertura \u2013en las diferentes provincias- de puestos de salud para la atenci\u00f3n primaria de enfermedades m\u00e1s comunes para evitar congestionamientos en hospitales con temas que puedan resolverse con m\u00e9dicos y enfermeras al alcance de los ciudadanos.<\/p>\n<p>El mandatario Mulino, al igual, hizo referencia a la promoci\u00f3n del pa\u00eds en materia comercial y log\u00edstica y anunci\u00f3 que \u2013en septiembre pr\u00f3ximo- durante una jornada de trabajo en Nueva York, con motivo de la reuni\u00f3n la reuni\u00f3n de la Asamblea de las Naciones Unidas, junto con el Banco Interamericano de Desarrollo, se realizar\u00e1 un relanzamiento de Panam\u00e1 como marca pa\u00eds y sus facilidades empresariales para establecerse y hacer negocios.<\/p>\n<p>Convers\u00f3 sobre las estrategias de gobierno para mantener a Panam\u00e1 en el sitial econ\u00f3mico de mayor atracci\u00f3n en la regi\u00f3n, escuchando a los interesados, posici\u00f3n que la reafirma reuniones como la sostenida \u2013s\u00f3lo ayer- con unos 24 representantes de empresas transnacionales del Council Of The Americas que mantiene inter\u00e9s de permanecer y seguir invirtiendo en este pa\u00eds \u00fanico en la regi\u00f3n con las ventajas competitivas y comparativas para la comunidad econ\u00f3mica.<\/p>\n<p>Al ser consultado sobre las peticiones de gremios mineros, conformado por sindicatos y agrupaciones empresariales, sobre la reactivaci\u00f3n minera con regulaci\u00f3n, por las p\u00e9rdidas millonarias y la crisis laboral, Mulino, dio a conocer, que fue comunicado que la empresa Franco Nevada, \u00faltima que manten\u00eda arbitrajes contra Panam\u00e1, decidi\u00f3 suspenderlo, lo que \u201climpia la mesa para iniciar cuando corresponda a conversaciones con la empresa\u201d.<\/p>\n<p>Esos s\u00ed, reafirm\u00f3 \u201cles digo a ellos y al pa\u00eds, que la decisi\u00f3n que tomemos, que no est\u00e1 pr\u00f3xima, ser\u00e1 evaluada en funci\u00f3n del inter\u00e9s nacional no en funci\u00f3n de ning\u00fan inter\u00e9s econ\u00f3mico ni de ning\u00fan socio\u2026\u201d.<\/p>\n<p>En referencia a consulta de los periodistas sobre la actualidad en el sector educativo, el Presidente, comunic\u00f3 que, la pr\u00f3xima semana, valorar\u00e1 -con la ministra Lucy Molinar- nuevas decisiones ante la paralizaci\u00f3n que ha ocasionado la p\u00e9rdida del primer trimestre educativo en el sector oficial, por razones pol\u00edticas ideol\u00f3gicas de gremialistas.<\/p>\n","protected":false},"excerpt":{"rendered":"<p>Un proceso de licitaci\u00f3n p\u00fablica para la recolecci\u00f3n de la <a href=\"https:\/\/sertv.gob.pa\/nacionalfm\/mulino-anuncia-licitacion-de-recoleccion-de-basura-en-la-capital-y-reactivacion-del-centro-de-fronteras-en-paso-canoas\/\"> [&#8230;]<\/a><\/p>\n","protected":false},"author":9,"featured_media":106774,"comment_status":"closed","ping_status":"closed","sticky":false,"template":"","format":"standard","meta":{"footnotes":""},"categories":[2],"tags":[],"class_list":["post-109143","post","type-post","status-publish","format-standard","has-post-thumbnail","hentry","category-nacionales"],"_links":{"self":[{"href":"https:\/\/sertv.gob.pa\/nacionalfm\/wp-json\/wp\/v2\/posts\/109143","targetHints":{"allow":["GET"]}}],"collection":[{"href":"https:\/\/sertv.gob.pa\/nacionalfm\/wp-json\/wp\/v2\/posts"}],"about":[{"href":"https:\/\/sertv.gob.pa\/nacionalfm\/wp-json\/wp\/v2\/types\/post"}],"author":[{"embeddable":true,"href":"https:\/\/sertv.gob.pa\/nacionalfm\/wp-json\/wp\/v2\/users\/9"}],"replies":[{"embeddable":true,"href":"https:\/\/sertv.gob.pa\/nacionalfm\/wp-json\/wp\/v2\/comments?post=109143"}],"version-history":[{"count":1,"href":"https:\/\/sertv.gob.pa\/nacionalfm\/wp-json\/wp\/v2\/posts\/109143\/revisions"}],"predecessor-version":[{"id":109144,"href":"https:\/\/sertv.gob.pa\/nacionalfm\/wp-json\/wp\/v2\/posts\/109143\/revisions\/109144"}],"wp:featuredmedia":[{"embeddable":true,"href":"https:\/\/sertv.gob.pa\/nacionalfm\/wp-json\/wp\/v2\/media\/106774"}],"wp:attachment":[{"href":"https:\/\/sertv.gob.pa\/nacionalfm\/wp-json\/wp\/v2\/media?parent=109143"}],"wp:term":[{"taxonomy":"category","embeddable":true,"href":"https:\/\/sertv.gob.pa\/nacionalfm\/wp-json\/wp\/v2\/categories?post=109143"},{"taxonomy":"post_tag","embeddable":true,"href":"https:\/\/sertv.gob.pa\/nacionalfm\/wp-json\/wp\/v2\/tags?post=109143"}],"curies":[{"name":"wp","href":"https:\/\/api.w.org\/{rel}","templated":true}]}}