{"id":109147,"date":"2025-06-20T08:13:58","date_gmt":"2025-06-20T13:13:58","guid":{"rendered":"https:\/\/sertv.gob.pa\/nacionalfm\/?p=109147"},"modified":"2025-06-20T08:16:03","modified_gmt":"2025-06-20T13:16:03","slug":"comunicado-43","status":"publish","type":"post","link":"https:\/\/sertv.gob.pa\/nacionalfm\/comunicado-43\/","title":{"rendered":"COMUNICADO"},"content":{"rendered":"<div class=\"fusion-fullwidth fullwidth-box fusion-builder-row-1 fusion-flex-container nonhundred-percent-fullwidth non-hundred-percent-height-scrolling\" style=\"--awb-border-radius-top-left:0px;--awb-border-radius-top-right:0px;--awb-border-radius-bottom-right:0px;--awb-border-radius-bottom-left:0px;--awb-flex-wrap:wrap;\" ><div class=\"fusion-builder-row fusion-row fusion-flex-align-items-flex-start fusion-flex-content-wrap\" style=\"max-width:1144px;margin-left: calc(-4% \/ 2 );margin-right: calc(-4% \/ 2 );\"><div class=\"fusion-layout-column fusion_builder_column fusion-builder-column-0 fusion_builder_column_1_1 1_1 fusion-flex-column\" style=\"--awb-bg-size:cover;--awb-width-large:100%;--awb-margin-top-large:0px;--awb-spacing-right-large:1.92%;--awb-margin-bottom-large:0px;--awb-spacing-left-large:1.92%;--awb-width-medium:100%;--awb-spacing-right-medium:1.92%;--awb-spacing-left-medium:1.92%;--awb-width-small:100%;--awb-spacing-right-small:1.92%;--awb-spacing-left-small:1.92%;\"><div class=\"fusion-column-wrapper fusion-flex-justify-content-flex-start fusion-content-layout-column\"><div class=\"fusion-text fusion-text-1\" style=\"--awb-content-alignment:justify;\"><ul>\n<li><strong><em>Este Comunicado fue enviado por el Gobierno Nacional de Panam\u00e1, el jueves, 19 de junio de 2025\u00a0 ante la situaci\u00f3n de la provincia de Bocas del Toro:<\/em><\/strong><\/li>\n<\/ul>\n<p><strong>El Gobierno Nacional informa al pa\u00eds que la situaci\u00f3n en la provincia de Bocas del Toro ha escalado peligrosamente en las \u00faltimas horas, como resultado de actos de violencia perpetrados por grupos radicalizados y elementos delictivos que han infiltrado las manifestaciones.<\/strong><\/p>\n<p><strong>Esta noche, grupos violentos protagonizaron actos criminales que atentan contra el orden p\u00fablico, la seguridad ciudadana y la institucionalidad democr\u00e1tica: se registr\u00f3 el incendio parcial del Estadio Calvin Byron, poniendo en riesgo la vida de miembros de la Fuerza P\u00fablica; se vandalizaron y saquearon instalaciones privadas, incluyendo oficinas de la empresa Chiquita Panam\u00e1 y se tomaron instalaciones del aeropuerto de Changuinola, sustrajeron veh\u00edculos de empresas de alquiler y pertenencias de las oficinas de la terminal.<\/strong><\/p>\n<p><strong>Estos hechos son inaceptables y no representan una protesta leg\u00edtima. Se trata de acciones criminales que amenazan la paz social, afectan a los ciudadanos y perjudican gravemente la econom\u00eda de la provincia.<\/strong><\/p>\n<p><strong>El Gobierno Nacional ha actuado con paciencia y mesura, sin embargo, ante la ruptura del orden y los actos de violencia sistem\u00e1tica, el Estado har\u00e1 valer su mandato constitucional de garantizar la paz, el orden y el respeto a los derechos fundamentales de la mayor\u00eda de los paname\u00f1os.<\/strong><\/p>\n<p><strong>No podemos seguir permitiendo que sectores pol\u00edticos irresponsables utilicen a la poblaci\u00f3n como instrumento de presi\u00f3n, fomentando el caos y luego present\u00e1ndose como falsos mediadores. Esa conducta es inmoral y delictiva, y quienes la promueven ser\u00e1n investigados y responsabilizados conforme a la ley.<\/strong><\/p>\n<p><strong>La firmeza del Estado se impondr\u00e1 para restablecer el orden, proteger a la ciudadan\u00eda y garantizar que la provincia de Bocas del Toro retome el camino del desarrollo, la legalidad y la paz.<\/strong><\/p>\n<\/div><\/div><\/div><\/div><\/div>\n","protected":false},"excerpt":{"rendered":"","protected":false},"author":9,"featured_media":102813,"comment_status":"closed","ping_status":"closed","sticky":false,"template":"","format":"standard","meta":{"footnotes":""},"categories":[2],"tags":[],"class_list":["post-109147","post","type-post","status-publish","format-standard","has-post-thumbnail","hentry","category-nacionales"],"_links":{"self":[{"href":"https:\/\/sertv.gob.pa\/nacionalfm\/wp-json\/wp\/v2\/posts\/109147","targetHints":{"allow":["GET"]}}],"collection":[{"href":"https:\/\/sertv.gob.pa\/nacionalfm\/wp-json\/wp\/v2\/posts"}],"about":[{"href":"https:\/\/sertv.gob.pa\/nacionalfm\/wp-json\/wp\/v2\/types\/post"}],"author":[{"embeddable":true,"href":"https:\/\/sertv.gob.pa\/nacionalfm\/wp-json\/wp\/v2\/users\/9"}],"replies":[{"embeddable":true,"href":"https:\/\/sertv.gob.pa\/nacionalfm\/wp-json\/wp\/v2\/comments?post=109147"}],"version-history":[{"count":2,"href":"https:\/\/sertv.gob.pa\/nacionalfm\/wp-json\/wp\/v2\/posts\/109147\/revisions"}],"predecessor-version":[{"id":109149,"href":"https:\/\/sertv.gob.pa\/nacionalfm\/wp-json\/wp\/v2\/posts\/109147\/revisions\/109149"}],"wp:featuredmedia":[{"embeddable":true,"href":"https:\/\/sertv.gob.pa\/nacionalfm\/wp-json\/wp\/v2\/media\/102813"}],"wp:attachment":[{"href":"https:\/\/sertv.gob.pa\/nacionalfm\/wp-json\/wp\/v2\/media?parent=109147"}],"wp:term":[{"taxonomy":"category","embeddable":true,"href":"https:\/\/sertv.gob.pa\/nacionalfm\/wp-json\/wp\/v2\/categories?post=109147"},{"taxonomy":"post_tag","embeddable":true,"href":"https:\/\/sertv.gob.pa\/nacionalfm\/wp-json\/wp\/v2\/tags?post=109147"}],"curies":[{"name":"wp","href":"https:\/\/api.w.org\/{rel}","templated":true}]}}