{"id":109150,"date":"2025-06-20T08:28:23","date_gmt":"2025-06-20T13:28:23","guid":{"rendered":"https:\/\/sertv.gob.pa\/nacionalfm\/?p=109150"},"modified":"2025-06-20T08:28:23","modified_gmt":"2025-06-20T13:28:23","slug":"autoridades-del-inadeh-anuncian-creacion-de-tres-nuevos-centros-de-formacion-en-la-provincia-de-chiriqui","status":"publish","type":"post","link":"https:\/\/sertv.gob.pa\/nacionalfm\/autoridades-del-inadeh-anuncian-creacion-de-tres-nuevos-centros-de-formacion-en-la-provincia-de-chiriqui\/","title":{"rendered":"Autoridades del INADEH, anuncian creaci\u00f3n de tres nuevos centros de formaci\u00f3n, en  la provincia de Chiriqu\u00ed"},"content":{"rendered":"<ul>\n<li><em><strong>La inversi\u00f3n supera los B\/.30 millones y est\u00e1 dirigida a aumentar las capacidades profesionales de esta poblaci\u00f3n para enfocarla hacia la nueva demanda laboral.<\/strong><\/em><\/li>\n<\/ul>\n<p><em><strong>El Instituto Nacional de Formaci\u00f3n Profesional y Capacitaci\u00f3n para el Desarrollo Humano (INADEH), present\u00f3 un importante programa de inversi\u00f3n en la provincia de Chiriqu\u00ed, el cual supera los B\/.31 millones, con el prop\u00f3sito de aumentar las capacidades profesionales de la poblaci\u00f3n de esta zona del pa\u00eds y adaptar las nuevas condiciones o demanda del mercado laboral.<\/strong><\/em><\/p>\n<p><strong>En este sentido, la directora general del INADEH, Yajaira Pitti, anunci\u00f3 este jueves, ante el presidente de Panam\u00e1, Jos\u00e9 Ra\u00fal Mulino y el Consejo de Gabinete Extraordinario, que se llev\u00f3 a cabo en Volc\u00e1n, Chiriqu\u00ed, los detalles de tres proyectos que desarrollar\u00e1 esta entidad, en busca de mejorar la calidad de la oferta educativa para el empleo y nuevos emprendimientos.<\/strong><\/p>\n<p><strong>Uno de estos proyectos, es el desarrollo del nuevo Centro de Formaci\u00f3n Profesional de Bugaba con impacto directo sobre una poblaci\u00f3n de 93,877 personas de los distritos del \u00e1rea de Chiriqu\u00ed Occidente: Alanje, Bar\u00fa, Boquer\u00f3n, Bugaba y Renacimiento.<\/strong><\/p>\n<p><strong>Al respecto, Pitti manifest\u00f3 que, este proyecto representa una inversi\u00f3n de B\/.16 millones, entre construcci\u00f3n y equipamiento, y estar\u00e1 orientado a fortalecer las capacidades de la poblaci\u00f3n de esta zona para responder a las oportunidades laborales generadas por proyectos clave como: los nuevos puertos de Puerto Armuelles y David, as\u00ed como el futuro Tren Panam\u00e1-David-Frontera.<\/strong><\/p>\n<p><strong>De acuerdo con Pitti, el nuevo centro en Bugaba, ofrecer\u00e1 formaci\u00f3n en \u00e1reas estrat\u00e9gicas como: gesti\u00f3n empresarial, emprendimiento, agropecuario, inform\u00e1tica, electricidad, soldadura, gastronom\u00eda, modister\u00eda, textil, idiomas, portuario, mec\u00e1nica agr\u00edcola, entre otros cursos t\u00e9cnicos.<\/strong><\/p>\n<p><strong>\u201cDe esta manera, el INADEH, reafirma su compromiso con la educaci\u00f3n pertinente, la generaci\u00f3n de oportunidades reales y el impulso al crecimiento econ\u00f3mico de la regi\u00f3n occidental del pa\u00eds\u201d, resalt\u00f3 Pitti, en su presentaci\u00f3n ante el Consejo de Gabinete Extraordinario.<\/strong><\/p>\n<p><strong>Adem\u00e1s, el otro proyecto que desarrollar\u00e1 el INADEH en Chiriqu\u00ed, es el Centro de Formaci\u00f3n Profesional Padema (Parque Metropolitano de David), el cual representa una inversi\u00f3n de B\/.15.3 millones, entre construcci\u00f3n y equipamiento. El mismo, se ubicar\u00e1 dentro del parque y su enfoque, est\u00e1 dirigido a la atenci\u00f3n y capacitaci\u00f3n de adultos mayores y personas con discapacidad a trav\u00e9s de programas de tecnolog\u00eda, modister\u00eda, cuidado del adulto mayor, artesan\u00edas, ingl\u00e9s y t\u00e9cnicas de invernadero. \u201cEsta iniciativa, refuerza el compromiso de este Gobierno con la inclusi\u00f3n social, el derecho humano y la formaci\u00f3n para la vida y el trabajo\u201d, coment\u00f3 la directora.<\/strong><\/p>\n<p><strong>Esta entidad, de igual manera, tiene entre sus proyectos a corto plazo, la construcci\u00f3n del Centro de Formaci\u00f3n Profesional de Volc\u00e1n, el cual tendr\u00e1 un impacto significativo en el desarrollo econ\u00f3mico, social y educativo de este distrito de Tierras Altas. \u201cSe ofrecer\u00e1 oportunidades de formaci\u00f3n t\u00e9cnica y profesional a j\u00f3venes, adultos y personas en proceso de reconversi\u00f3n laboral, en un entorno donde las opciones educativas a\u00fan son limitadas\u201d, manifest\u00f3 Pitti.<\/strong><\/p>\n<p><strong>A\u00f1adi\u00f3 que, este proyecto, no solo representa una inversi\u00f3n en infraestructura educativa, sino una apuesta estrat\u00e9gica por el desarrollo integral de una de las regiones con mayor potencial agroproductivo y ecol\u00f3gico del pa\u00eds.<\/strong><\/p>\n","protected":false},"excerpt":{"rendered":"<p>La inversi\u00f3n supera los B\/.30 millones y est\u00e1 dirigida a <a href=\"https:\/\/sertv.gob.pa\/nacionalfm\/autoridades-del-inadeh-anuncian-creacion-de-tres-nuevos-centros-de-formacion-en-la-provincia-de-chiriqui\/\"> [&#8230;]<\/a><\/p>\n","protected":false},"author":9,"featured_media":109151,"comment_status":"closed","ping_status":"closed","sticky":false,"template":"","format":"standard","meta":{"footnotes":""},"categories":[2],"tags":[],"class_list":["post-109150","post","type-post","status-publish","format-standard","has-post-thumbnail","hentry","category-nacionales"],"_links":{"self":[{"href":"https:\/\/sertv.gob.pa\/nacionalfm\/wp-json\/wp\/v2\/posts\/109150","targetHints":{"allow":["GET"]}}],"collection":[{"href":"https:\/\/sertv.gob.pa\/nacionalfm\/wp-json\/wp\/v2\/posts"}],"about":[{"href":"https:\/\/sertv.gob.pa\/nacionalfm\/wp-json\/wp\/v2\/types\/post"}],"author":[{"embeddable":true,"href":"https:\/\/sertv.gob.pa\/nacionalfm\/wp-json\/wp\/v2\/users\/9"}],"replies":[{"embeddable":true,"href":"https:\/\/sertv.gob.pa\/nacionalfm\/wp-json\/wp\/v2\/comments?post=109150"}],"version-history":[{"count":1,"href":"https:\/\/sertv.gob.pa\/nacionalfm\/wp-json\/wp\/v2\/posts\/109150\/revisions"}],"predecessor-version":[{"id":109152,"href":"https:\/\/sertv.gob.pa\/nacionalfm\/wp-json\/wp\/v2\/posts\/109150\/revisions\/109152"}],"wp:featuredmedia":[{"embeddable":true,"href":"https:\/\/sertv.gob.pa\/nacionalfm\/wp-json\/wp\/v2\/media\/109151"}],"wp:attachment":[{"href":"https:\/\/sertv.gob.pa\/nacionalfm\/wp-json\/wp\/v2\/media?parent=109150"}],"wp:term":[{"taxonomy":"category","embeddable":true,"href":"https:\/\/sertv.gob.pa\/nacionalfm\/wp-json\/wp\/v2\/categories?post=109150"},{"taxonomy":"post_tag","embeddable":true,"href":"https:\/\/sertv.gob.pa\/nacionalfm\/wp-json\/wp\/v2\/tags?post=109150"}],"curies":[{"name":"wp","href":"https:\/\/api.w.org\/{rel}","templated":true}]}}