{"id":109153,"date":"2025-06-20T09:01:53","date_gmt":"2025-06-20T14:01:53","guid":{"rendered":"https:\/\/sertv.gob.pa\/nacionalfm\/?p=109153"},"modified":"2025-06-20T09:01:53","modified_gmt":"2025-06-20T14:01:53","slug":"actualmente-mas-de-2600-viviendas-de-interes-social-desarrolla-el-gobierno-del-presidente-jose-raul-mulino-en-chiriqui-y-la-comarca-ngabe-bugle","status":"publish","type":"post","link":"https:\/\/sertv.gob.pa\/nacionalfm\/actualmente-mas-de-2600-viviendas-de-interes-social-desarrolla-el-gobierno-del-presidente-jose-raul-mulino-en-chiriqui-y-la-comarca-ngabe-bugle\/","title":{"rendered":"Actualmente, m\u00e1s de 2,600 viviendas de inter\u00e9s social desarrolla el Gobierno del presidente Jos\u00e9 Ra\u00fal Mulino en Chiriqu\u00ed y la comarca Ng\u00e4be Bugl\u00e9"},"content":{"rendered":"<div class=\"fusion-fullwidth fullwidth-box fusion-builder-row-1 fusion-flex-container has-pattern-background has-mask-background nonhundred-percent-fullwidth non-hundred-percent-height-scrolling\" style=\"--awb-border-radius-top-left:0px;--awb-border-radius-top-right:0px;--awb-border-radius-bottom-right:0px;--awb-border-radius-bottom-left:0px;--awb-flex-wrap:wrap;\" ><div class=\"fusion-builder-row fusion-row fusion-flex-align-items-flex-start fusion-flex-content-wrap\" style=\"max-width:1144px;margin-left: calc(-4% \/ 2 );margin-right: calc(-4% \/ 2 );\"><div class=\"fusion-layout-column fusion_builder_column fusion-builder-column-0 fusion_builder_column_1_1 1_1 fusion-flex-column\" style=\"--awb-bg-size:cover;--awb-width-large:100%;--awb-margin-top-large:0px;--awb-spacing-right-large:1.92%;--awb-margin-bottom-large:20px;--awb-spacing-left-large:1.92%;--awb-width-medium:100%;--awb-order-medium:0;--awb-spacing-right-medium:1.92%;--awb-spacing-left-medium:1.92%;--awb-width-small:100%;--awb-order-small:0;--awb-spacing-right-small:1.92%;--awb-spacing-left-small:1.92%;\"><div class=\"fusion-column-wrapper fusion-column-has-shadow fusion-flex-justify-content-flex-start fusion-content-layout-column\"><div class=\"fusion-text fusion-text-1\" style=\"--awb-content-alignment:justify;\"><p><em><strong>El equipo del Ministerio de Vivienda y Ordenamiento Territorial de Panam\u00e1 (MIVIOT), lleva a ejecuci\u00f3n, 5 proyectos de gran impacto social en la provincia de Chiriqu\u00ed y la comarca Ng\u00e4be-Bugl\u00e9, todos estos, orientados a proveer de una vivienda digna a cientos de paname\u00f1os de escasos recursos.<\/strong><\/em><\/p>\n<p><strong>Durante el Consejo de Gabinete Extraordinario el cual estuvo encabezado por el presidente de Panam\u00e1, Jos\u00e9 Ra\u00fal Mulino, en Volc\u00e1n, Chiriqu\u00ed, el titular del MIVIOT, Jaime Jovan\u00e9, inform\u00f3 que, actualmente se ejecutan cuatro contratos que representan 2,616 viviendas de inter\u00e9s social a favor de la poblaci\u00f3n de esta provincia y la comarca Ng\u00e4be-Bugl\u00e9.<\/strong><\/p>\n<p><strong>Estas obras, ejecutadas bajo un contrato que supervisa la Direcci\u00f3n Nacional de Ingenier\u00eda y Arquitectura del MIVIOT, incluyen 500 viviendas en los distritos de Renacimiento y Bugaba, de las cuales ya se han entregado 193 unidades que impactan a 965 beneficiarios. De este contrato, adjudicado a la empresa Los Peloteros, tambi\u00e9n se encuentran terminadas otras 49 viviendas que est\u00e1n en tr\u00e1mite del permiso de ocupaci\u00f3n.<\/strong><\/p>\n<p><strong>Otro contrato es de 500 viviendas, tambi\u00e9n a cargo de la empresa Los Peloteros, en los distritos de Boquer\u00f3n y David, de las cuales se han entregado 151 unidades que impactan a 755 personas, mientras que, otras 50 viviendas est\u00e1n en tr\u00e1mite del permiso de ocupaci\u00f3n para ser entregadas.<\/strong><\/p>\n<p><strong>De igual modo, Jovan\u00e9 revel\u00f3 que, tambi\u00e9n est\u00e1 en ejecuci\u00f3n, el desarrollo de 500 viviendas para los distritos de Bar\u00fa y Alanje, de las cuales se han entregado 213 viviendas a cargo de la empresa AIC, S.A.<\/strong><\/p>\n<p><strong>Por otra parte, la empresa COPASA, desarrolla para el MIVIOT, un contrato de 116 viviendas que en estos momentos, tienen un 79% de avance. No obstante, este proyecto ha sido afectado por las protestas.<\/strong><\/p>\n<p><strong>En la comarca Ng\u00e4be-Bugl\u00e9, el MIVIOT, desarrolla uno de sus proyectos habitacionales m\u00e1s grandes. Se trata de un contrato con la empresa CUMO para la construcci\u00f3n de mil viviendas de inter\u00e9s social, de las cuales ya se han entregado 273 unidades que benefician a 1,365 personas. Tambi\u00e9n hay 201 viviendas ya construidas y con permiso de ocupaci\u00f3n para ser entregadas este viernes, para beneficio de 700 personas m\u00e1s.<\/strong><\/p>\n<p><strong>El ministro Jovan\u00e9, asimismo inform\u00f3 que, por autogesti\u00f3n, el MIVIOT, construye en este momento 26 viviendas de inter\u00e9s social y 7 mejoras habitacionales en Chiriqu\u00ed.<\/strong><\/p>\n<p><strong>\u201cDe este grupo de viviendas, hemos tenido que suspender la construcci\u00f3n de 20 debido a las paralizaciones en la provincia\u201d, recalc\u00f3 Jovan\u00e9.<\/strong><\/p>\n<p><strong>Inform\u00f3 que, el MIVIOT, tambi\u00e9n cumpli\u00f3 con la ayuda a los afectados por la emergencia nacional decretada en noviembre de 2024 por los da\u00f1os que ocasionaron las lluvias en Bar\u00fa, Boquete y Gualaca. El ministro, revel\u00f3 que, se construyeron otras 28 viviendas para ayudar a los damnificados y cuya entrega tambi\u00e9n est\u00e1 programada para este viernes.<\/strong><\/p>\n<p><strong>Adicionalmente, el MIVIOT, est\u00e1 atendiendo en estos momentos, los casos de emergencia registrados en Veraguas, Los Santos, Herrera y la comarca Ng\u00e4be-Bugl\u00e9.<\/strong><\/p>\n<\/div><\/div><\/div><\/div><\/div>\n","protected":false},"excerpt":{"rendered":"","protected":false},"author":9,"featured_media":109154,"comment_status":"closed","ping_status":"closed","sticky":false,"template":"","format":"standard","meta":{"footnotes":""},"categories":[2],"tags":[],"class_list":["post-109153","post","type-post","status-publish","format-standard","has-post-thumbnail","hentry","category-nacionales"],"_links":{"self":[{"href":"https:\/\/sertv.gob.pa\/nacionalfm\/wp-json\/wp\/v2\/posts\/109153","targetHints":{"allow":["GET"]}}],"collection":[{"href":"https:\/\/sertv.gob.pa\/nacionalfm\/wp-json\/wp\/v2\/posts"}],"about":[{"href":"https:\/\/sertv.gob.pa\/nacionalfm\/wp-json\/wp\/v2\/types\/post"}],"author":[{"embeddable":true,"href":"https:\/\/sertv.gob.pa\/nacionalfm\/wp-json\/wp\/v2\/users\/9"}],"replies":[{"embeddable":true,"href":"https:\/\/sertv.gob.pa\/nacionalfm\/wp-json\/wp\/v2\/comments?post=109153"}],"version-history":[{"count":2,"href":"https:\/\/sertv.gob.pa\/nacionalfm\/wp-json\/wp\/v2\/posts\/109153\/revisions"}],"predecessor-version":[{"id":109156,"href":"https:\/\/sertv.gob.pa\/nacionalfm\/wp-json\/wp\/v2\/posts\/109153\/revisions\/109156"}],"wp:featuredmedia":[{"embeddable":true,"href":"https:\/\/sertv.gob.pa\/nacionalfm\/wp-json\/wp\/v2\/media\/109154"}],"wp:attachment":[{"href":"https:\/\/sertv.gob.pa\/nacionalfm\/wp-json\/wp\/v2\/media?parent=109153"}],"wp:term":[{"taxonomy":"category","embeddable":true,"href":"https:\/\/sertv.gob.pa\/nacionalfm\/wp-json\/wp\/v2\/categories?post=109153"},{"taxonomy":"post_tag","embeddable":true,"href":"https:\/\/sertv.gob.pa\/nacionalfm\/wp-json\/wp\/v2\/tags?post=109153"}],"curies":[{"name":"wp","href":"https:\/\/api.w.org\/{rel}","templated":true}]}}