{"id":109157,"date":"2025-06-20T09:32:38","date_gmt":"2025-06-20T14:32:38","guid":{"rendered":"https:\/\/sertv.gob.pa\/nacionalfm\/?p=109157"},"modified":"2025-06-20T09:32:38","modified_gmt":"2025-06-20T14:32:38","slug":"gracias-presidente-mulino-por-creer-en-nosotros-grupo-de-jovenes-dan-agradecimiento-durante-el-consejo-de-gabinete-por-su-primera-oportunidad-laboral","status":"publish","type":"post","link":"https:\/\/sertv.gob.pa\/nacionalfm\/gracias-presidente-mulino-por-creer-en-nosotros-grupo-de-jovenes-dan-agradecimiento-durante-el-consejo-de-gabinete-por-su-primera-oportunidad-laboral\/","title":{"rendered":"Gracias presidente Mulino por creer en nosotros\u201d: grupo de j\u00f3venes dan agradecimiento durante el Consejo de Gabinete, por su primera oportunidad laboral"},"content":{"rendered":"<ul>\n<li><em><strong>En la provincia de Chiriqu\u00ed, de los 37 j\u00f3venes que participaron en la primera etapa del programa Mi Primer Empleo, el 100% ya cuenta con contrato laboral. En la segunda etapa, 20 j\u00f3venes realizan pasant\u00edas, 66 est\u00e1n en fase de intermediaci\u00f3n y participan 31 empresas-<\/strong><\/em><\/li>\n<\/ul>\n<p><em><strong>\u201cGracias, presidente Mulino, por creer en nosotros. Hoy puedo decir con orgullo que tengo mi primer contrato y que soy parte de la fuerza laboral de este pa\u00eds\u201d. As\u00ed lo expres\u00f3 Johan Coffre, uno de los j\u00f3venes beneficiarios del programa Mi Primer Empleo, durante la sesi\u00f3n del Consejo de Gabinete Extraordinario celebrado este jueves, 19 de junio de 2025, en Volc\u00e1n, provincia de Chiriqu\u00ed, donde diez participantes de ambas etapas del programa, compartieron sus historias de superaci\u00f3n ante el presidente de la Rep\u00fablica de Panam\u00e1, Jos\u00e9 Ra\u00fal Mulino y su equipo de gobierno.<\/strong><\/em><\/p>\n<p><strong>Hay que resaltar, que solo en la provincia de Chiriqu\u00ed, el programa Mi Primer Empleo, ha beneficiado a 57 j\u00f3venes paname\u00f1os, de los cuales 37 ya cuenta con un contrato laboral. El resto, son parte de la segunda etapa y se encuentran en la fase de intermediaci\u00f3n.<\/strong><\/p>\n<p><strong>Este emotivo encuentro, marc\u00f3 ese d\u00eda, el inicio de una jornada de trabajo liderada por la ministra de Trabajo y Desarrollo Laboral de Panam\u00e1, Jackeline Mu\u00f1oz de Cede\u00f1o, quien present\u00f3 ante el Gabinete y los beneficiarios, el nuevo formulario digital de inscripci\u00f3n para empresas interesadas en sumarse al programa. Este avance tiene como fin, acelerar la incorporaci\u00f3n de m\u00e1s j\u00f3venes al mercado laboral, facilitando los tr\u00e1mites para el sector privado.<\/strong><\/p>\n<p><strong>Antes, las empresas deb\u00edan firmar un contrato formal para adherirse al programa, lo que generaba demoras. Ahora, gracias a esta herramienta digital disponible en www.miprimerempleo.gob.pa, solo deber\u00e1n completar un formulario en l\u00ednea, aceptando autom\u00e1ticamente el Convenio Marco de Cooperaci\u00f3n, lo que reduce la burocracia y permite un proceso m\u00e1s \u00e1gil y transparente.<\/strong><\/p>\n<p><strong>Previo al Consejo de Gabinete Extraordinario, las empresas Green Effect Barbien, Haileys y la C\u00e1mara de Comercio, Industrias y Agricultura de Chiriqu\u00ed, reafirmaron su compromiso con la juventud, contratando a cuatro j\u00f3venes de la primera fase del programa Mi Primer Empleo.<\/strong><\/p>\n<p><strong>La ministra, particip\u00f3 de un convivio de integraci\u00f3n con 45 j\u00f3venes de ambas etapas de Mi Primer Empleo, entre contratados, en ejecuci\u00f3n de pasant\u00edas y en formaci\u00f3n, quienes contaron c\u00f3mo esta oportunidad les est\u00e1 cambiando la vida y motivando a seguir creciendo.<\/strong><\/p>\n<p><strong>Cabe enfatizar, que este nuevo paso, reafirma el compromiso del gobierno de abrir puertas, generar empleos y creer en el talento paname\u00f1o, con paso firme, hacia un futuro de m\u00e1s oportunidades para la juventud del pa\u00eds.<\/strong><\/p>\n","protected":false},"excerpt":{"rendered":"<p>En la provincia de Chiriqu\u00ed, de los 37 j\u00f3venes que <a href=\"https:\/\/sertv.gob.pa\/nacionalfm\/gracias-presidente-mulino-por-creer-en-nosotros-grupo-de-jovenes-dan-agradecimiento-durante-el-consejo-de-gabinete-por-su-primera-oportunidad-laboral\/\"> [&#8230;]<\/a><\/p>\n","protected":false},"author":9,"featured_media":109158,"comment_status":"closed","ping_status":"closed","sticky":false,"template":"","format":"standard","meta":{"footnotes":""},"categories":[2],"tags":[],"class_list":["post-109157","post","type-post","status-publish","format-standard","has-post-thumbnail","hentry","category-nacionales"],"_links":{"self":[{"href":"https:\/\/sertv.gob.pa\/nacionalfm\/wp-json\/wp\/v2\/posts\/109157","targetHints":{"allow":["GET"]}}],"collection":[{"href":"https:\/\/sertv.gob.pa\/nacionalfm\/wp-json\/wp\/v2\/posts"}],"about":[{"href":"https:\/\/sertv.gob.pa\/nacionalfm\/wp-json\/wp\/v2\/types\/post"}],"author":[{"embeddable":true,"href":"https:\/\/sertv.gob.pa\/nacionalfm\/wp-json\/wp\/v2\/users\/9"}],"replies":[{"embeddable":true,"href":"https:\/\/sertv.gob.pa\/nacionalfm\/wp-json\/wp\/v2\/comments?post=109157"}],"version-history":[{"count":1,"href":"https:\/\/sertv.gob.pa\/nacionalfm\/wp-json\/wp\/v2\/posts\/109157\/revisions"}],"predecessor-version":[{"id":109159,"href":"https:\/\/sertv.gob.pa\/nacionalfm\/wp-json\/wp\/v2\/posts\/109157\/revisions\/109159"}],"wp:featuredmedia":[{"embeddable":true,"href":"https:\/\/sertv.gob.pa\/nacionalfm\/wp-json\/wp\/v2\/media\/109158"}],"wp:attachment":[{"href":"https:\/\/sertv.gob.pa\/nacionalfm\/wp-json\/wp\/v2\/media?parent=109157"}],"wp:term":[{"taxonomy":"category","embeddable":true,"href":"https:\/\/sertv.gob.pa\/nacionalfm\/wp-json\/wp\/v2\/categories?post=109157"},{"taxonomy":"post_tag","embeddable":true,"href":"https:\/\/sertv.gob.pa\/nacionalfm\/wp-json\/wp\/v2\/tags?post=109157"}],"curies":[{"name":"wp","href":"https:\/\/api.w.org\/{rel}","templated":true}]}}