{"id":109164,"date":"2025-06-20T10:57:46","date_gmt":"2025-06-20T15:57:46","guid":{"rendered":"https:\/\/sertv.gob.pa\/nacionalfm\/?p=109164"},"modified":"2025-06-20T10:57:46","modified_gmt":"2025-06-20T15:57:46","slug":"panama-asume-presidencia-pro-tempore-del-consejo-de-ministros-de-salud-de-centroamerica-y-republica-dominicana","status":"publish","type":"post","link":"https:\/\/sertv.gob.pa\/nacionalfm\/panama-asume-presidencia-pro-tempore-del-consejo-de-ministros-de-salud-de-centroamerica-y-republica-dominicana\/","title":{"rendered":"Panam\u00e1 asume Presidencia Pro-T\u00e9mpore del Consejo de Ministros de Salud de Centroam\u00e9rica y Rep\u00fablica Dominicana"},"content":{"rendered":"<p><em><strong>\u201cEs un honor para Panam\u00e1 asumir la Presidencia Pro T\u00e9mpore del Consejo de Ministros de Salud de Centroam\u00e9rica y Rep\u00fablica Dominicana (COMISCA), reafirmando nuestro compromiso con la salud como derecho fundamental y pilar del desarrollo humano sostenible\u201d. Con estas palabras, el ministro de Salud de Panam\u00e1, Fernando Boyd Galindo, asumi\u00f3 de forma oficial, en nombre de la Rep\u00fablica de Panam\u00e1, la Presidencia Pro-Tempore de este organismo de salud regional, para el periodo junio-diciembre de 2025.<\/strong><\/em><\/p>\n<p><strong>Durante la ceremonia de traspaso, que se llev\u00f3 a cabo, en San Jos\u00e9 de Costa Rica, el ministro Boyd Galindo, se\u00f1al\u00f3 que \u201cen coherencia con los Objetivos de Desarrollo Sostenible, particularmente los relacionados con salud, agua segura, medio ambiente y reducci\u00f3n de desigualdades, nos comprometemos a trabajar por una regi\u00f3n que cierre brechas y garantice condiciones de vida dignas para todos. La Agenda de Salud de Centroam\u00e9rica y Rep\u00fablica Dominicana 2019-2030, junto con la Pol\u00edtica Regional de Salud del SICA 2023-2030, marcan el camino hacia sistemas centrados en la promoci\u00f3n, la prevenci\u00f3n y la participaci\u00f3n activa de la ciudadan\u00eda\u201d.<\/strong><\/p>\n<p><strong>Durante los pr\u00f3ximos seis meses de la Presidencia Pro T\u00e9mpore de COMISCA, Panam\u00e1, impulsar\u00e1 el Hub Farmac\u00e9utico y de Dispositivos M\u00e9dicos, una iniciativa que aprovecha la posici\u00f3n geogr\u00e1fica estrat\u00e9gica de Panam\u00e1, en beneficio de la regi\u00f3n, como puente del hemisferio. Este proyecto regional, tiene el potencial de fortalecer la soberan\u00eda sanitaria, mejorar la log\u00edstica de abastecimiento, reducir costos mediante producci\u00f3n y acondicionamiento regional, y estimular el desarrollo de ensayos cl\u00ednicos e innovaci\u00f3n en salud.<\/strong><\/p>\n<p><strong>A trav\u00e9s de una gobernanza regional fuerte, se espera hacer frente a desaf\u00edos urgentes, como: el cambio clim\u00e1tico, las amenazas sanitarias transfronterizas y la creciente necesidad de cooperaci\u00f3n intersectorial. Estos retos, exigen m\u00e1s que nunca una gobernanza regional fuerte, estrategias integradas y un enfoque solidario entre nuestros Estados miembros. La salud, no reconoce fronteras, y nuestras respuestas tampoco deben hacerlo.<\/strong><\/p>\n<p><strong>Asimismo, Panam\u00e1, propone redoblar esfuerzos para fortalecer la gobernanza regional y la interoperabilidad de nuestras instituciones. Asegurar la sostenibilidad financiera de las instancias t\u00e9cnicas operativas, invertir en sistemas de informaci\u00f3n modernos y confiables, y tomar decisiones basadas en datos s\u00f3lidos, son pasos indispensables para mejorar la respuesta sanitaria regional.<\/strong><\/p>\n<p><strong>Ante los ministros de Salud de Centroam\u00e9rica y Rep\u00fablica Dominicana, Boyd Galindo, manifest\u00f3 que, \u201cPanam\u00e1, asume con responsabilidad el liderazgo en la formulaci\u00f3n del Plan Regional de Salud 2026-2030. Esta visi\u00f3n, incluye definir l\u00edneas estrat\u00e9gicas de acci\u00f3n regional efectivas y sostenibles; asegurar un presupuesto estructurado que d\u00e9 continuidad a las actividades t\u00e9cnicas; impulsar la Negociaci\u00f3n Conjunta de Medicamentos, como herramienta de equidad, eficiencia y acceso, y reforzar la transformaci\u00f3n digital en salud, la investigaci\u00f3n aplicada y los observatorios regionales como pilares para la innovaci\u00f3n sanitaria\u201d.<\/strong><\/p>\n<p><strong>Cabe recordar, que la rotaci\u00f3n de la Presidencia Pro-Tempore de COMISCA, se realiza cada seis meses, siguiendo un esquema geogr\u00e1fico predefinido entre los Estados Miembros del SICA: Belice, Guatemala, El Salvador, Honduras, Nicaragua, Costa Rica, Panam\u00e1 y Rep\u00fablica Dominicana.<\/strong><\/p>\n<p><strong>Con este compromiso, Panam\u00e1, reafirma su liderazgo en la promoci\u00f3n de la salud regional y su disposici\u00f3n para colaborar estrechamente con los pa\u00edses centroamericanos y de la regi\u00f3n del Caribe en la mejora de los sistemas de salud.<\/strong><\/p>\n<p>&nbsp;<\/p>\n","protected":false},"excerpt":{"rendered":"<p>\u201cEs un honor para Panam\u00e1 asumir la Presidencia Pro T\u00e9mpore <a href=\"https:\/\/sertv.gob.pa\/nacionalfm\/panama-asume-presidencia-pro-tempore-del-consejo-de-ministros-de-salud-de-centroamerica-y-republica-dominicana\/\"> [&#8230;]<\/a><\/p>\n","protected":false},"author":9,"featured_media":109165,"comment_status":"closed","ping_status":"closed","sticky":false,"template":"","format":"standard","meta":{"footnotes":""},"categories":[2],"tags":[],"class_list":["post-109164","post","type-post","status-publish","format-standard","has-post-thumbnail","hentry","category-nacionales"],"_links":{"self":[{"href":"https:\/\/sertv.gob.pa\/nacionalfm\/wp-json\/wp\/v2\/posts\/109164","targetHints":{"allow":["GET"]}}],"collection":[{"href":"https:\/\/sertv.gob.pa\/nacionalfm\/wp-json\/wp\/v2\/posts"}],"about":[{"href":"https:\/\/sertv.gob.pa\/nacionalfm\/wp-json\/wp\/v2\/types\/post"}],"author":[{"embeddable":true,"href":"https:\/\/sertv.gob.pa\/nacionalfm\/wp-json\/wp\/v2\/users\/9"}],"replies":[{"embeddable":true,"href":"https:\/\/sertv.gob.pa\/nacionalfm\/wp-json\/wp\/v2\/comments?post=109164"}],"version-history":[{"count":1,"href":"https:\/\/sertv.gob.pa\/nacionalfm\/wp-json\/wp\/v2\/posts\/109164\/revisions"}],"predecessor-version":[{"id":109166,"href":"https:\/\/sertv.gob.pa\/nacionalfm\/wp-json\/wp\/v2\/posts\/109164\/revisions\/109166"}],"wp:featuredmedia":[{"embeddable":true,"href":"https:\/\/sertv.gob.pa\/nacionalfm\/wp-json\/wp\/v2\/media\/109165"}],"wp:attachment":[{"href":"https:\/\/sertv.gob.pa\/nacionalfm\/wp-json\/wp\/v2\/media?parent=109164"}],"wp:term":[{"taxonomy":"category","embeddable":true,"href":"https:\/\/sertv.gob.pa\/nacionalfm\/wp-json\/wp\/v2\/categories?post=109164"},{"taxonomy":"post_tag","embeddable":true,"href":"https:\/\/sertv.gob.pa\/nacionalfm\/wp-json\/wp\/v2\/tags?post=109164"}],"curies":[{"name":"wp","href":"https:\/\/api.w.org\/{rel}","templated":true}]}}