{"id":109167,"date":"2025-06-20T11:05:34","date_gmt":"2025-06-20T16:05:34","guid":{"rendered":"https:\/\/sertv.gob.pa\/nacionalfm\/?p=109167"},"modified":"2025-06-20T11:05:34","modified_gmt":"2025-06-20T16:05:34","slug":"en-bocas-del-toro-se-suspenden-cirugias-electivas-y-la-consulta-externa-en-las-cinco-instalaciones-de-salud","status":"publish","type":"post","link":"https:\/\/sertv.gob.pa\/nacionalfm\/en-bocas-del-toro-se-suspenden-cirugias-electivas-y-la-consulta-externa-en-las-cinco-instalaciones-de-salud\/","title":{"rendered":"En Bocas del Toro, se suspenden cirug\u00edas electivas y la consulta externa en las cinco instalaciones de salud"},"content":{"rendered":"<p><strong>La Caja de Seguro Social comunica a la poblaci\u00f3n que a partir de este jueves, 19 de junio, se suspenden las cirug\u00edas electivas y la consulta externa en las cinco instalaciones de salud en Bocas del Toro, debido a la situaci\u00f3n que enfrenta la provincia.<\/strong><\/p>\n<p><strong>La alerta amarilla decretada en la Policl\u00ednica de Guabito, en la ULAPS Juan Aguilar, y en los hospitales de Changuinola, Almirante y Chiriqu\u00ed Grande tiene como objetivo salvaguardar la integridad f\u00edsica del personal que labora en dichas instalaciones.<\/strong><\/p>\n<p><strong>La CSS aclara que se mantienen operativas en las unidades ejecutoras las \u00e1reas cr\u00edticas como emergencias, cirug\u00edas de urgencia y salas de hospitalizaci\u00f3n.<\/strong><\/p>\n<p><strong>Pese al brote de violencia que mantiene en vilo a la provincia, la instituci\u00f3n reafirma su compromiso en garantizar la atenci\u00f3n m\u00e9dica a la comunidad bocatore\u00f1a.<\/strong><\/p>\n<p><strong>Panam\u00e1, 19 de junio de 2025<\/strong><\/p>\n","protected":false},"excerpt":{"rendered":"<p>La Caja de Seguro Social comunica a la poblaci\u00f3n que <a href=\"https:\/\/sertv.gob.pa\/nacionalfm\/en-bocas-del-toro-se-suspenden-cirugias-electivas-y-la-consulta-externa-en-las-cinco-instalaciones-de-salud\/\"> [&#8230;]<\/a><\/p>\n","protected":false},"author":9,"featured_media":109168,"comment_status":"closed","ping_status":"closed","sticky":false,"template":"","format":"standard","meta":{"footnotes":""},"categories":[2],"tags":[],"class_list":["post-109167","post","type-post","status-publish","format-standard","has-post-thumbnail","hentry","category-nacionales"],"_links":{"self":[{"href":"https:\/\/sertv.gob.pa\/nacionalfm\/wp-json\/wp\/v2\/posts\/109167","targetHints":{"allow":["GET"]}}],"collection":[{"href":"https:\/\/sertv.gob.pa\/nacionalfm\/wp-json\/wp\/v2\/posts"}],"about":[{"href":"https:\/\/sertv.gob.pa\/nacionalfm\/wp-json\/wp\/v2\/types\/post"}],"author":[{"embeddable":true,"href":"https:\/\/sertv.gob.pa\/nacionalfm\/wp-json\/wp\/v2\/users\/9"}],"replies":[{"embeddable":true,"href":"https:\/\/sertv.gob.pa\/nacionalfm\/wp-json\/wp\/v2\/comments?post=109167"}],"version-history":[{"count":1,"href":"https:\/\/sertv.gob.pa\/nacionalfm\/wp-json\/wp\/v2\/posts\/109167\/revisions"}],"predecessor-version":[{"id":109169,"href":"https:\/\/sertv.gob.pa\/nacionalfm\/wp-json\/wp\/v2\/posts\/109167\/revisions\/109169"}],"wp:featuredmedia":[{"embeddable":true,"href":"https:\/\/sertv.gob.pa\/nacionalfm\/wp-json\/wp\/v2\/media\/109168"}],"wp:attachment":[{"href":"https:\/\/sertv.gob.pa\/nacionalfm\/wp-json\/wp\/v2\/media?parent=109167"}],"wp:term":[{"taxonomy":"category","embeddable":true,"href":"https:\/\/sertv.gob.pa\/nacionalfm\/wp-json\/wp\/v2\/categories?post=109167"},{"taxonomy":"post_tag","embeddable":true,"href":"https:\/\/sertv.gob.pa\/nacionalfm\/wp-json\/wp\/v2\/tags?post=109167"}],"curies":[{"name":"wp","href":"https:\/\/api.w.org\/{rel}","templated":true}]}}