{"id":109183,"date":"2025-06-20T14:09:18","date_gmt":"2025-06-20T19:09:18","guid":{"rendered":"https:\/\/sertv.gob.pa\/nacionalfm\/?p=109183"},"modified":"2025-06-20T14:13:16","modified_gmt":"2025-06-20T19:13:16","slug":"aduanas-realiza-retencion-en-tocumen-a-ciudadana-por-dinero-sin-declarar","status":"publish","type":"post","link":"https:\/\/sertv.gob.pa\/nacionalfm\/aduanas-realiza-retencion-en-tocumen-a-ciudadana-por-dinero-sin-declarar\/","title":{"rendered":"Aduanas realiza retenci\u00f3n en Tocumen a ciudadana por dinero sin declarar"},"content":{"rendered":"<p><strong>En la Terminal Internacional de Tocumen S.A. (AITSA), se registr\u00f3 nuevamente, dinero sin declarar en esta ocasi\u00f3n, se trat\u00f3 de una ciudadana ecuatoriana proveniente de Guayaquil, quien no present\u00f3 declaraci\u00f3n jurada pese a portar consigo B\/.10,915.00. La situaci\u00f3n se di\u00f3 este jueves, 19 de junio de 2025.<\/strong><\/p>\n<p><strong>Antes de proceder con el conteo, el inspector de turno, le consult\u00f3 si tra\u00eda dinero o valores que excedieran los B\/.10,000.00, lo que fue negado y por ende, se le aplic\u00f3 una revisi\u00f3n m\u00e1s minuciosa que revel\u00f3 el monto no declarado. Este caso, pas\u00f3 a \u00f3rdenes del Ministerio P\u00fablico.<\/strong><\/p>\n<p><strong>Cabe mencionar, que en lo que va de julio de 2024 a junio de 2025, la Autoridad Nacional de Aduanas de Panam\u00e1 (ANA), ha retenido un total de B\/. 1,016,878.00 sin declarar en el Aeropuerto Internacional de Tocumen a viajeros que han llegado a territorio nacional.<\/strong><\/p>\n<p>&nbsp;<\/p>\n<p>&nbsp;<\/p>\n<p>&nbsp;<\/p>\n<p>&nbsp;<\/p>\n","protected":false},"excerpt":{"rendered":"<p>En la Terminal Internacional de Tocumen S.A. (AITSA), se registr\u00f3 <a href=\"https:\/\/sertv.gob.pa\/nacionalfm\/aduanas-realiza-retencion-en-tocumen-a-ciudadana-por-dinero-sin-declarar\/\"> [&#8230;]<\/a><\/p>\n","protected":false},"author":9,"featured_media":109184,"comment_status":"closed","ping_status":"closed","sticky":false,"template":"","format":"standard","meta":{"footnotes":""},"categories":[2],"tags":[],"class_list":["post-109183","post","type-post","status-publish","format-standard","has-post-thumbnail","hentry","category-nacionales"],"_links":{"self":[{"href":"https:\/\/sertv.gob.pa\/nacionalfm\/wp-json\/wp\/v2\/posts\/109183","targetHints":{"allow":["GET"]}}],"collection":[{"href":"https:\/\/sertv.gob.pa\/nacionalfm\/wp-json\/wp\/v2\/posts"}],"about":[{"href":"https:\/\/sertv.gob.pa\/nacionalfm\/wp-json\/wp\/v2\/types\/post"}],"author":[{"embeddable":true,"href":"https:\/\/sertv.gob.pa\/nacionalfm\/wp-json\/wp\/v2\/users\/9"}],"replies":[{"embeddable":true,"href":"https:\/\/sertv.gob.pa\/nacionalfm\/wp-json\/wp\/v2\/comments?post=109183"}],"version-history":[{"count":3,"href":"https:\/\/sertv.gob.pa\/nacionalfm\/wp-json\/wp\/v2\/posts\/109183\/revisions"}],"predecessor-version":[{"id":109187,"href":"https:\/\/sertv.gob.pa\/nacionalfm\/wp-json\/wp\/v2\/posts\/109183\/revisions\/109187"}],"wp:featuredmedia":[{"embeddable":true,"href":"https:\/\/sertv.gob.pa\/nacionalfm\/wp-json\/wp\/v2\/media\/109184"}],"wp:attachment":[{"href":"https:\/\/sertv.gob.pa\/nacionalfm\/wp-json\/wp\/v2\/media?parent=109183"}],"wp:term":[{"taxonomy":"category","embeddable":true,"href":"https:\/\/sertv.gob.pa\/nacionalfm\/wp-json\/wp\/v2\/categories?post=109183"},{"taxonomy":"post_tag","embeddable":true,"href":"https:\/\/sertv.gob.pa\/nacionalfm\/wp-json\/wp\/v2\/tags?post=109183"}],"curies":[{"name":"wp","href":"https:\/\/api.w.org\/{rel}","templated":true}]}}