{"id":109192,"date":"2025-06-23T08:07:40","date_gmt":"2025-06-23T13:07:40","guid":{"rendered":"https:\/\/sertv.gob.pa\/nacionalfm\/?p=109192"},"modified":"2025-06-23T08:07:40","modified_gmt":"2025-06-23T13:07:40","slug":"inicio-del-segundo-trimestre-escolar-2025","status":"publish","type":"post","link":"https:\/\/sertv.gob.pa\/nacionalfm\/inicio-del-segundo-trimestre-escolar-2025\/","title":{"rendered":"INICIO DEL SEGUNDO TRIMESTRE ESCOLAR 2025"},"content":{"rendered":"<div class=\"fusion-fullwidth fullwidth-box fusion-builder-row-1 fusion-flex-container has-pattern-background has-mask-background nonhundred-percent-fullwidth non-hundred-percent-height-scrolling\" style=\"--awb-border-radius-top-left:0px;--awb-border-radius-top-right:0px;--awb-border-radius-bottom-right:0px;--awb-border-radius-bottom-left:0px;--awb-flex-wrap:wrap;\" ><div class=\"fusion-builder-row fusion-row fusion-flex-align-items-flex-start fusion-flex-content-wrap\" style=\"max-width:1144px;margin-left: calc(-4% \/ 2 );margin-right: calc(-4% \/ 2 );\"><div class=\"fusion-layout-column fusion_builder_column fusion-builder-column-0 fusion_builder_column_1_1 1_1 fusion-flex-column\" style=\"--awb-bg-size:cover;--awb-width-large:100%;--awb-margin-top-large:0px;--awb-spacing-right-large:1.92%;--awb-margin-bottom-large:20px;--awb-spacing-left-large:1.92%;--awb-width-medium:100%;--awb-order-medium:0;--awb-spacing-right-medium:1.92%;--awb-spacing-left-medium:1.92%;--awb-width-small:100%;--awb-order-small:0;--awb-spacing-right-small:1.92%;--awb-spacing-left-small:1.92%;\"><div class=\"fusion-column-wrapper fusion-column-has-shadow fusion-flex-justify-content-flex-start fusion-content-layout-column\"><div class=\"fusion-text fusion-text-1\" style=\"--awb-content-alignment:justify;\"><p>El Ministerio de Educaci\u00f3n reitera el llamado a los docentes que se han mantenido en paro durante el primer trimestre del a\u00f1o escolar a retornar a clases este lunes 23 de junio de 2025, con la certeza que NO SER\u00c1N SANCIONADOS NI DESPEDIDOS A PARTIR DE LA FECHA DE SU RETORNO, prueba de ello, es que ninguno de los que han regresado a sus aulas de clases, han sido objeto de acciones administrativas. Los exhortamos a que no se dejen enga\u00f1ar ni manipular por aquellos que mienten y generan zozobra, desinformando y asegurando que si regresan a laborar ser\u00e1n despedidos.<\/p>\n<p>Asimismo, informamos que, junto a la Contralor\u00eda General de la Rep\u00fablica, estamos corrigiendo las proformas de trabajo y normalizando el pago de sueldo a los docentes que continuaron laborando o que ya regresaron a sus funciones. Los pagos se reactivar\u00e1n conforme se reciban las certificaciones de los directores de los centros educativos que acreditan el regreso.<\/p>\n<p>Recordamos que, el derecho de los estudiantes a recibir educaci\u00f3n es prioritario, por lo que es responsabilidad de todos garantizar la continuidad del aprendizaje, especialmente en los centros donde se interrumpi\u00f3 el servicio.<\/p>\n<p>A los padres de familia les recordamos que la mejor herencia que le pueden dar a sus hijos es la educaci\u00f3n. Venimos de a\u00f1os de paralizaciones que afectan severamente el proceso de formaci\u00f3n, lo que hace urgente retomar clases para implementar estrategias que nos permitan ponerlos al d\u00eda. Las afectaciones emocionales y acad\u00e9micas que sufren los estudiantes, exigen normalizar el servicio en los centros educativos afectados.<\/p>\n<p>Exhortamos a todos a priorizar el bienestar y el futuro de nuestra poblaci\u00f3n estudiantil.<\/p>\n<\/div><\/div><\/div><\/div><\/div>\n","protected":false},"excerpt":{"rendered":"","protected":false},"author":9,"featured_media":109193,"comment_status":"closed","ping_status":"closed","sticky":false,"template":"","format":"standard","meta":{"footnotes":""},"categories":[2],"tags":[],"class_list":["post-109192","post","type-post","status-publish","format-standard","has-post-thumbnail","hentry","category-nacionales"],"_links":{"self":[{"href":"https:\/\/sertv.gob.pa\/nacionalfm\/wp-json\/wp\/v2\/posts\/109192","targetHints":{"allow":["GET"]}}],"collection":[{"href":"https:\/\/sertv.gob.pa\/nacionalfm\/wp-json\/wp\/v2\/posts"}],"about":[{"href":"https:\/\/sertv.gob.pa\/nacionalfm\/wp-json\/wp\/v2\/types\/post"}],"author":[{"embeddable":true,"href":"https:\/\/sertv.gob.pa\/nacionalfm\/wp-json\/wp\/v2\/users\/9"}],"replies":[{"embeddable":true,"href":"https:\/\/sertv.gob.pa\/nacionalfm\/wp-json\/wp\/v2\/comments?post=109192"}],"version-history":[{"count":2,"href":"https:\/\/sertv.gob.pa\/nacionalfm\/wp-json\/wp\/v2\/posts\/109192\/revisions"}],"predecessor-version":[{"id":109195,"href":"https:\/\/sertv.gob.pa\/nacionalfm\/wp-json\/wp\/v2\/posts\/109192\/revisions\/109195"}],"wp:featuredmedia":[{"embeddable":true,"href":"https:\/\/sertv.gob.pa\/nacionalfm\/wp-json\/wp\/v2\/media\/109193"}],"wp:attachment":[{"href":"https:\/\/sertv.gob.pa\/nacionalfm\/wp-json\/wp\/v2\/media?parent=109192"}],"wp:term":[{"taxonomy":"category","embeddable":true,"href":"https:\/\/sertv.gob.pa\/nacionalfm\/wp-json\/wp\/v2\/categories?post=109192"},{"taxonomy":"post_tag","embeddable":true,"href":"https:\/\/sertv.gob.pa\/nacionalfm\/wp-json\/wp\/v2\/tags?post=109192"}],"curies":[{"name":"wp","href":"https:\/\/api.w.org\/{rel}","templated":true}]}}