{"id":109196,"date":"2025-06-23T08:54:14","date_gmt":"2025-06-23T13:54:14","guid":{"rendered":"https:\/\/sertv.gob.pa\/nacionalfm\/?p=109196"},"modified":"2025-06-23T08:54:14","modified_gmt":"2025-06-23T13:54:14","slug":"concluye-exitosamente-el-v-foro-juridico-nacional-2025-con-enfasis-en-la-alfabetizacion-constitucional-realizado-en-david-chiriqui","status":"publish","type":"post","link":"https:\/\/sertv.gob.pa\/nacionalfm\/concluye-exitosamente-el-v-foro-juridico-nacional-2025-con-enfasis-en-la-alfabetizacion-constitucional-realizado-en-david-chiriqui\/","title":{"rendered":"Concluye exitosamente el V Foro Jur\u00eddico Nacional 2025, con \u00e9nfasis en la \u00abAlfabetizaci\u00f3n Constitucional\u00bb, realizado en David, Chiriqu\u00ed"},"content":{"rendered":"<div class=\"fusion-fullwidth fullwidth-box fusion-builder-row-1 fusion-flex-container has-pattern-background has-mask-background nonhundred-percent-fullwidth non-hundred-percent-height-scrolling\" style=\"--awb-border-radius-top-left:0px;--awb-border-radius-top-right:0px;--awb-border-radius-bottom-right:0px;--awb-border-radius-bottom-left:0px;--awb-flex-wrap:wrap;\" ><div class=\"fusion-builder-row fusion-row fusion-flex-align-items-flex-start fusion-flex-content-wrap\" style=\"max-width:1144px;margin-left: calc(-4% \/ 2 );margin-right: calc(-4% \/ 2 );\"><div class=\"fusion-layout-column fusion_builder_column fusion-builder-column-0 fusion_builder_column_1_1 1_1 fusion-flex-column\" style=\"--awb-bg-size:cover;--awb-width-large:100%;--awb-margin-top-large:0px;--awb-spacing-right-large:1.92%;--awb-margin-bottom-large:20px;--awb-spacing-left-large:1.92%;--awb-width-medium:100%;--awb-order-medium:0;--awb-spacing-right-medium:1.92%;--awb-spacing-left-medium:1.92%;--awb-width-small:100%;--awb-order-small:0;--awb-spacing-right-small:1.92%;--awb-spacing-left-small:1.92%;\"><div class=\"fusion-column-wrapper fusion-column-has-shadow fusion-flex-justify-content-flex-start fusion-content-layout-column\"><div class=\"fusion-text fusion-text-1\" style=\"--awb-content-alignment:justify;\"><p><em><strong>En la ciudad de David, provincia de Chiriqu\u00ed, se efectu\u00f3 con mucho \u00e9xito, el V Foro Jur\u00eddico Nacional 2025, evento acad\u00e9mico que reuni\u00f3 durante tres d\u00edas a estudiantes, profesionales del derecho y autoridades del pa\u00eds. Este foro, tuvo como tema central la \u00abAlfabetizaci\u00f3n Constitucional\u00bb, abordando la importancia de fortalecer el conocimiento y la comprensi\u00f3n de la Constituci\u00f3n Pol\u00edtica de la Rep\u00fablica de Panam\u00e1 entre la ciudadan\u00eda y los futuros juristas.<\/strong><\/em><\/p>\n<p><strong>Para este evento, se cont\u00f3 con la participaci\u00f3n de destacadas universidades paname\u00f1as, entre ellas: la Universidad Latina, la Universidad Aut\u00f3noma de Chiriqu\u00ed (UNACHI), la Universidad Iberoamericana, el Instituto Superior de Administraci\u00f3n y Educaci\u00f3n (ISAE) y la Universidad Tecnol\u00f3gica OTEIMA. Durante el foro, se brindaron conferencias especializadas en diversas ramas del derecho, incluyendo Derecho Procesal, Jurisdicci\u00f3n Tributaria, Jurisdicci\u00f3n de Cuentas, Derecho Penal, Derecho Administrativo y Derecho Ambiental.<\/strong><\/p>\n<p><strong>La jornada, se hizo m\u00e1s relevante, porque se llev\u00f3 a cabo, el Concurso de Oratoria \u00abNuevos Juristas\u00bb, en el cual participaron estudiantes de las universidades mencionadas, quienes en esta ocasi\u00f3n, expusieron sus conocimientos y habilidades en el \u00e1mbito de la alfabetizaci\u00f3n constitucional. Este certamen, promovi\u00f3 la reflexi\u00f3n cr\u00edtica y el debate constructivo entre los j\u00f3venes juristas del pa\u00eds.<\/strong><\/p>\n<p><strong>Es importante destacar, que el Dr. Miguel Antonio Bernal, Coordinador Ejecutivo de la Secretar\u00eda Presidencial para la Reorganizaci\u00f3n del Estado y Asuntos Constitucionales (SEPRESAC), se present\u00f3 como el principal expositor del foro. El Dr. Bernal, reconocido constitucionalista y acad\u00e9mico, comparti\u00f3 su visi\u00f3n sobre la necesidad de fortalecer la educaci\u00f3n constitucional en el pa\u00eds, resaltando la importancia de una ciudadan\u00eda informada y participativa en los procesos democr\u00e1ticos.<\/strong><\/p>\n<p><strong>Hay que a\u00f1adir, que este evento, sirvi\u00f3 de marco para rendir\u00a0 homenaje a tres grandes maestros del derecho paname\u00f1o: Alma Montenegro de Fletcher, Carlos Bol\u00edvar Pedreschi y Rolando Margas Torraza. Estos reconocimientos, fueron otorgados en reconocimiento a su destacada trayectoria y contribuciones al desarrollo del derecho en Panam\u00e1.<\/strong><\/p>\n<\/div><\/div><\/div><\/div><\/div>\n","protected":false},"excerpt":{"rendered":"","protected":false},"author":9,"featured_media":109197,"comment_status":"closed","ping_status":"closed","sticky":false,"template":"","format":"standard","meta":{"footnotes":""},"categories":[2],"tags":[],"class_list":["post-109196","post","type-post","status-publish","format-standard","has-post-thumbnail","hentry","category-nacionales"],"_links":{"self":[{"href":"https:\/\/sertv.gob.pa\/nacionalfm\/wp-json\/wp\/v2\/posts\/109196","targetHints":{"allow":["GET"]}}],"collection":[{"href":"https:\/\/sertv.gob.pa\/nacionalfm\/wp-json\/wp\/v2\/posts"}],"about":[{"href":"https:\/\/sertv.gob.pa\/nacionalfm\/wp-json\/wp\/v2\/types\/post"}],"author":[{"embeddable":true,"href":"https:\/\/sertv.gob.pa\/nacionalfm\/wp-json\/wp\/v2\/users\/9"}],"replies":[{"embeddable":true,"href":"https:\/\/sertv.gob.pa\/nacionalfm\/wp-json\/wp\/v2\/comments?post=109196"}],"version-history":[{"count":1,"href":"https:\/\/sertv.gob.pa\/nacionalfm\/wp-json\/wp\/v2\/posts\/109196\/revisions"}],"predecessor-version":[{"id":109198,"href":"https:\/\/sertv.gob.pa\/nacionalfm\/wp-json\/wp\/v2\/posts\/109196\/revisions\/109198"}],"wp:featuredmedia":[{"embeddable":true,"href":"https:\/\/sertv.gob.pa\/nacionalfm\/wp-json\/wp\/v2\/media\/109197"}],"wp:attachment":[{"href":"https:\/\/sertv.gob.pa\/nacionalfm\/wp-json\/wp\/v2\/media?parent=109196"}],"wp:term":[{"taxonomy":"category","embeddable":true,"href":"https:\/\/sertv.gob.pa\/nacionalfm\/wp-json\/wp\/v2\/categories?post=109196"},{"taxonomy":"post_tag","embeddable":true,"href":"https:\/\/sertv.gob.pa\/nacionalfm\/wp-json\/wp\/v2\/tags?post=109196"}],"curies":[{"name":"wp","href":"https:\/\/api.w.org\/{rel}","templated":true}]}}