{"id":109199,"date":"2025-06-23T09:22:53","date_gmt":"2025-06-23T14:22:53","guid":{"rendered":"https:\/\/sertv.gob.pa\/nacionalfm\/?p=109199"},"modified":"2025-06-23T09:22:53","modified_gmt":"2025-06-23T14:22:53","slug":"sepresac-presenta-jornada-de-alfabetizacion-constitucional-a-personal-de-la-procuraduria-de-la-administracion","status":"publish","type":"post","link":"https:\/\/sertv.gob.pa\/nacionalfm\/sepresac-presenta-jornada-de-alfabetizacion-constitucional-a-personal-de-la-procuraduria-de-la-administracion\/","title":{"rendered":"SEPRESAC presenta jornada de Alfabetizaci\u00f3n Constitucional a personal de la Procuradur\u00eda de la Administraci\u00f3n"},"content":{"rendered":"<p><em><strong>La Secretar\u00eda Presidencial para la Reorganizaci\u00f3n del Estado y Asuntos Constitucionales (SEPRESAC), la cual est\u00e1 adscrita al Ministerio de la Presidencia, culmin\u00f3 con \u00e9xito una jornada de Alfabetizaci\u00f3n Constitucional en la Procuradur\u00eda de la Administraci\u00f3n. Esta actividad, forma parte del proceso constituyente que busca sentar las bases para una nueva Constituci\u00f3n en la Rep\u00fablica de Panam\u00e1.<\/strong><\/em><\/p>\n<p><strong>Esta jornada estuvo dirigida a funcionarios de la Procuradur\u00eda de la Administraci\u00f3n, con la intenci\u00f3n de fortalecer la cultura c\u00edvica y fomentar la participaci\u00f3n activa de la ciudadan\u00eda en los asuntos constitucionales que impactan al pa\u00eds.<\/strong><\/p>\n<p><strong>Para esta gesti\u00f3n, se cont\u00f3 con la participaci\u00f3n del Dr. Miguel Antonio Bernal, Coordinador Ejecutivo de SEPRESAC, quien lider\u00f3 las conferencias, y donde destac\u00f3 la relevancia de que los ciudadanos conozcan sus derechos y deberes para involucrarse de manera informada en este proceso fundamental para la naci\u00f3n. \u00abEsta es una tarea en la que todos debemos involucrarnos\u00bb, manifest\u00f3 el Dr. Bernal.<\/strong><\/p>\n<p><strong>Para esta jornada de alfabetizaci\u00f3n, tambi\u00e9n estuvieron presentes, la Ministra de la Autoridad de Turismo, Gloria De Le\u00f3n; el Viceministro de la Autoridad de Turismo, Jorge Correa; y el Secretario de la Procuradur\u00eda de la Administraci\u00f3n, Jos\u00e9 \u00c1lvarez Vald\u00e9s.<\/strong><\/p>\n<p><strong>Cabe resaltar que, esta primera fase, en la que se han desarrollado charlas, debates, cabildos, talleres y conferencias, culminar\u00e1 en julio del pr\u00f3ximo a\u00f1o, y se prev\u00e9 que siga con jornadas similares en otras instituciones del Estado.<\/strong><\/p>\n<p>&nbsp;<\/p>\n","protected":false},"excerpt":{"rendered":"<p>La Secretar\u00eda Presidencial para la Reorganizaci\u00f3n del Estado y Asuntos <a href=\"https:\/\/sertv.gob.pa\/nacionalfm\/sepresac-presenta-jornada-de-alfabetizacion-constitucional-a-personal-de-la-procuraduria-de-la-administracion\/\"> [&#8230;]<\/a><\/p>\n","protected":false},"author":9,"featured_media":109200,"comment_status":"closed","ping_status":"closed","sticky":false,"template":"","format":"standard","meta":{"footnotes":""},"categories":[2],"tags":[],"class_list":["post-109199","post","type-post","status-publish","format-standard","has-post-thumbnail","hentry","category-nacionales"],"_links":{"self":[{"href":"https:\/\/sertv.gob.pa\/nacionalfm\/wp-json\/wp\/v2\/posts\/109199","targetHints":{"allow":["GET"]}}],"collection":[{"href":"https:\/\/sertv.gob.pa\/nacionalfm\/wp-json\/wp\/v2\/posts"}],"about":[{"href":"https:\/\/sertv.gob.pa\/nacionalfm\/wp-json\/wp\/v2\/types\/post"}],"author":[{"embeddable":true,"href":"https:\/\/sertv.gob.pa\/nacionalfm\/wp-json\/wp\/v2\/users\/9"}],"replies":[{"embeddable":true,"href":"https:\/\/sertv.gob.pa\/nacionalfm\/wp-json\/wp\/v2\/comments?post=109199"}],"version-history":[{"count":1,"href":"https:\/\/sertv.gob.pa\/nacionalfm\/wp-json\/wp\/v2\/posts\/109199\/revisions"}],"predecessor-version":[{"id":109201,"href":"https:\/\/sertv.gob.pa\/nacionalfm\/wp-json\/wp\/v2\/posts\/109199\/revisions\/109201"}],"wp:featuredmedia":[{"embeddable":true,"href":"https:\/\/sertv.gob.pa\/nacionalfm\/wp-json\/wp\/v2\/media\/109200"}],"wp:attachment":[{"href":"https:\/\/sertv.gob.pa\/nacionalfm\/wp-json\/wp\/v2\/media?parent=109199"}],"wp:term":[{"taxonomy":"category","embeddable":true,"href":"https:\/\/sertv.gob.pa\/nacionalfm\/wp-json\/wp\/v2\/categories?post=109199"},{"taxonomy":"post_tag","embeddable":true,"href":"https:\/\/sertv.gob.pa\/nacionalfm\/wp-json\/wp\/v2\/tags?post=109199"}],"curies":[{"name":"wp","href":"https:\/\/api.w.org\/{rel}","templated":true}]}}