{"id":10920,"date":"2016-02-26T15:33:59","date_gmt":"2016-02-26T15:33:59","guid":{"rendered":""},"modified":"2016-02-26T15:33:59","modified_gmt":"2016-02-26T15:33:59","slug":"nuevos-casos-de-zika-son-detectados-en-bella-vista-tocumen-y-guna-yala","status":"publish","type":"post","link":"https:\/\/sertv.gob.pa\/nacionalfm\/nuevos-casos-de-zika-son-detectados-en-bella-vista-tocumen-y-guna-yala\/","title":{"rendered":"Nuevos casos de zika son detectados en Bella Vista, Tocumen y Guna Yala"},"content":{"rendered":"<p>\nEl Ministerio de Salud detect\u00f3 15 nuevos casos de  virus zika \u00a0durante las \u00faltimas horas en diversas \u00e1reas del pa\u00eds. <\/p>\n<p>Un reporte de la instituci\u00f3n revela que se report\u00f3 1\u00a0caso en el corregimiento de Bella Vista, 3\u00a0en Tocumen y 11 en la comarca Guna Yala. <\/p>\n<p>Con estos nuevos casos, la cifra de personas contagiadas con zika asciende a 88 casos. <\/p>\n<p>\u00a0 <\/p>\n<p>\u00a0 <\/p>\n","protected":false},"excerpt":{"rendered":"<p>El Ministerio de Salud detect\u00f3 15 nuevos casos de virus <a href=\"https:\/\/sertv.gob.pa\/nacionalfm\/nuevos-casos-de-zika-son-detectados-en-bella-vista-tocumen-y-guna-yala\/\"> [&#8230;]<\/a><\/p>\n","protected":false},"author":1,"featured_media":10921,"comment_status":"closed","ping_status":"closed","sticky":false,"template":"","format":"standard","meta":{"footnotes":""},"categories":[5],"tags":[],"class_list":["post-10920","post","type-post","status-publish","format-standard","has-post-thumbnail","hentry","category-salud"],"_links":{"self":[{"href":"https:\/\/sertv.gob.pa\/nacionalfm\/wp-json\/wp\/v2\/posts\/10920","targetHints":{"allow":["GET"]}}],"collection":[{"href":"https:\/\/sertv.gob.pa\/nacionalfm\/wp-json\/wp\/v2\/posts"}],"about":[{"href":"https:\/\/sertv.gob.pa\/nacionalfm\/wp-json\/wp\/v2\/types\/post"}],"author":[{"embeddable":true,"href":"https:\/\/sertv.gob.pa\/nacionalfm\/wp-json\/wp\/v2\/users\/1"}],"replies":[{"embeddable":true,"href":"https:\/\/sertv.gob.pa\/nacionalfm\/wp-json\/wp\/v2\/comments?post=10920"}],"version-history":[{"count":0,"href":"https:\/\/sertv.gob.pa\/nacionalfm\/wp-json\/wp\/v2\/posts\/10920\/revisions"}],"wp:featuredmedia":[{"embeddable":true,"href":"https:\/\/sertv.gob.pa\/nacionalfm\/wp-json\/wp\/v2\/media\/10921"}],"wp:attachment":[{"href":"https:\/\/sertv.gob.pa\/nacionalfm\/wp-json\/wp\/v2\/media?parent=10920"}],"wp:term":[{"taxonomy":"category","embeddable":true,"href":"https:\/\/sertv.gob.pa\/nacionalfm\/wp-json\/wp\/v2\/categories?post=10920"},{"taxonomy":"post_tag","embeddable":true,"href":"https:\/\/sertv.gob.pa\/nacionalfm\/wp-json\/wp\/v2\/tags?post=10920"}],"curies":[{"name":"wp","href":"https:\/\/api.w.org\/{rel}","templated":true}]}}