{"id":109202,"date":"2025-06-23T09:46:28","date_gmt":"2025-06-23T14:46:28","guid":{"rendered":"https:\/\/sertv.gob.pa\/nacionalfm\/?p=109202"},"modified":"2025-06-23T09:46:28","modified_gmt":"2025-06-23T14:46:28","slug":"autoridades-de-sepresac-realizan-reunion-estrategica-con-enlaces-institucionales-para-impulsar-proceso-de-alfabetizacion-constitucional","status":"publish","type":"post","link":"https:\/\/sertv.gob.pa\/nacionalfm\/autoridades-de-sepresac-realizan-reunion-estrategica-con-enlaces-institucionales-para-impulsar-proceso-de-alfabetizacion-constitucional\/","title":{"rendered":"Autoridades de SEPRESAC, realizan reuni\u00f3n estrat\u00e9gica con enlaces institucionales para impulsar proceso de Alfabetizaci\u00f3n Constitucional"},"content":{"rendered":"<p><em><strong>Autoridades de la Secretar\u00eda Presidencial para la Reorganizaci\u00f3n del Estado y Asuntos Constitucionales (SEPRESAC), adscrita al Ministerio de la Presidencia de Panam\u00e1, llev\u00f3 a cabo el 18 de junio de 2025, una reuni\u00f3n estrat\u00e9gica con enlaces designados de Ministerios y diversas instituciones aut\u00f3nomas y semiaut\u00f3nomas, del Estado a fin de coordinar el Plan Nacional de Alfabetizaci\u00f3n Constitucional. Este esfuerzo conjunto, busca fortalecer la participaci\u00f3n ciudadana en el proceso de creaci\u00f3n de una nueva Constituci\u00f3n para la Rep\u00fablica de Panam\u00e1, prevista para entrar en vigencia en 2029.<\/strong><\/em><\/p>\n<p><strong>Durante la cita, el Dr. Miguel Antonio Bernal, Coordinador Ejecutivo de SEPRESAC, ofreci\u00f3 una conferencia respecto a la importancia de la alfabetizaci\u00f3n constitucional. En su intervenci\u00f3n, destac\u00f3 que \u00abel objetivo es llevar adelante esta nueva Constituci\u00f3n; no se trata de realizar reformas, sino de crear una nueva Constituci\u00f3n. Por ello, es esencial informar a los ciudadanos, ya que tenemos una sociedad desinformada\u00bb.<\/strong><\/p>\n<p><strong>Esta reuni\u00f3n, adem\u00e1s sirvi\u00f3 para coordinar las metodolog\u00edas que deben emplear en esta fase de alfabetizaci\u00f3n, que ha incluido charlas, debates, cabildos y talleres en todo el pa\u00eds. El proceso, est\u00e1 estructurado en varias fases: la actual de alfabetizaci\u00f3n, que culminar\u00e1 en julio de 2026; seguida por la fase de estructuraci\u00f3n constitucional; y finalmente, la fase de divulgaci\u00f3n, una vez aprobada la nueva constituci\u00f3n.<\/strong><\/p>\n<p><strong>Cabe resaltar, que este esfuerzo, forma parte de un proceso democr\u00e1tico y participativo que busca empoderar a la ciudadan\u00eda y garantizar que la nueva constituci\u00f3n, refleje las aspiraciones y necesidades del pueblo paname\u00f1o.<\/strong><\/p>\n","protected":false},"excerpt":{"rendered":"<p>Autoridades de la Secretar\u00eda Presidencial para la Reorganizaci\u00f3n del Estado <a href=\"https:\/\/sertv.gob.pa\/nacionalfm\/autoridades-de-sepresac-realizan-reunion-estrategica-con-enlaces-institucionales-para-impulsar-proceso-de-alfabetizacion-constitucional\/\"> [&#8230;]<\/a><\/p>\n","protected":false},"author":9,"featured_media":109203,"comment_status":"closed","ping_status":"closed","sticky":false,"template":"","format":"standard","meta":{"footnotes":""},"categories":[2],"tags":[],"class_list":["post-109202","post","type-post","status-publish","format-standard","has-post-thumbnail","hentry","category-nacionales"],"_links":{"self":[{"href":"https:\/\/sertv.gob.pa\/nacionalfm\/wp-json\/wp\/v2\/posts\/109202","targetHints":{"allow":["GET"]}}],"collection":[{"href":"https:\/\/sertv.gob.pa\/nacionalfm\/wp-json\/wp\/v2\/posts"}],"about":[{"href":"https:\/\/sertv.gob.pa\/nacionalfm\/wp-json\/wp\/v2\/types\/post"}],"author":[{"embeddable":true,"href":"https:\/\/sertv.gob.pa\/nacionalfm\/wp-json\/wp\/v2\/users\/9"}],"replies":[{"embeddable":true,"href":"https:\/\/sertv.gob.pa\/nacionalfm\/wp-json\/wp\/v2\/comments?post=109202"}],"version-history":[{"count":2,"href":"https:\/\/sertv.gob.pa\/nacionalfm\/wp-json\/wp\/v2\/posts\/109202\/revisions"}],"predecessor-version":[{"id":109205,"href":"https:\/\/sertv.gob.pa\/nacionalfm\/wp-json\/wp\/v2\/posts\/109202\/revisions\/109205"}],"wp:featuredmedia":[{"embeddable":true,"href":"https:\/\/sertv.gob.pa\/nacionalfm\/wp-json\/wp\/v2\/media\/109203"}],"wp:attachment":[{"href":"https:\/\/sertv.gob.pa\/nacionalfm\/wp-json\/wp\/v2\/media?parent=109202"}],"wp:term":[{"taxonomy":"category","embeddable":true,"href":"https:\/\/sertv.gob.pa\/nacionalfm\/wp-json\/wp\/v2\/categories?post=109202"},{"taxonomy":"post_tag","embeddable":true,"href":"https:\/\/sertv.gob.pa\/nacionalfm\/wp-json\/wp\/v2\/tags?post=109202"}],"curies":[{"name":"wp","href":"https:\/\/api.w.org\/{rel}","templated":true}]}}