{"id":109206,"date":"2025-06-23T10:11:56","date_gmt":"2025-06-23T15:11:56","guid":{"rendered":"https:\/\/sertv.gob.pa\/nacionalfm\/?p=109206"},"modified":"2025-06-23T10:11:56","modified_gmt":"2025-06-23T15:11:56","slug":"pronto-el-hospital-de-mascotas-sera-una-realidad-asevero-el-presidente-de-panama-jose-raul-mulino-durante-la-x-jornada-de-esterilizaciones-efectuada-en-juan-diaz","status":"publish","type":"post","link":"https:\/\/sertv.gob.pa\/nacionalfm\/pronto-el-hospital-de-mascotas-sera-una-realidad-asevero-el-presidente-de-panama-jose-raul-mulino-durante-la-x-jornada-de-esterilizaciones-efectuada-en-juan-diaz\/","title":{"rendered":"Pronto el Hospital de Mascotas ser\u00e1 una realidad, asever\u00f3 el presidente de Panam\u00e1, Jos\u00e9 Ra\u00fal Mulino, durante la X Jornada de Esterilizaciones, efectuada en Juan D\u00edaz"},"content":{"rendered":"<p><em><strong>El presidente de la Rep\u00fablica de Panam\u00e1, Jos\u00e9 Ra\u00fal Mulino, particip\u00f3 este domingo, 22 de junio de 2025, en la X Jornada de Esterilizaci\u00f3n de mascotas, organizada por el Despacho de la Primera Dama, Maricel Cohen de Mulino, que se desarroll\u00f3 durante este s\u00e1bado y domingo en el Gimnasio Arturo Brown, en Ciudad Radial, Juan D\u00edaz, donde se atendi\u00f3 a m\u00e1s de mil mascotas, entre perros y gatos.<\/strong><\/em><\/p>\n<p><strong>Durante esta jornada, el presidente Mulino, quien estuvo acompa\u00f1ado de la primera dama, Maricel Cohen de Mulino, fue informado de que, en las 10 jornadas veterinarias, denominadas Misi\u00f3n Patitas, se ha esterilizado a unas 9,500 mascotas en todo el pa\u00eds, incluyendo Herrera, Col\u00f3n, Veraguas, Cocl\u00e9 y varios puntos en la provincia de Panam\u00e1.<\/strong><\/p>\n<p><strong>Mulino, destac\u00f3 la importancia de estas jornadas de esterilizaci\u00f3n, que ofrecen una soluci\u00f3n a un problema en la sociedad paname\u00f1a. \u201cMe sorprende ver lo mucho que los paname\u00f1os quieren a sus mascotas\u201d, manifest\u00f3 el presidente de la Rep\u00fablica, y afirm\u00f3 que, el primer Hospital de Mascotas p\u00fablico ser\u00e1 pronto una realidad, y con ello, dar\u00e1 cumplimiento a una de sus principales promesas de campa\u00f1a presidencial.<\/strong><\/p>\n","protected":false},"excerpt":{"rendered":"<p>El presidente de la Rep\u00fablica de Panam\u00e1, Jos\u00e9 Ra\u00fal Mulino, <a href=\"https:\/\/sertv.gob.pa\/nacionalfm\/pronto-el-hospital-de-mascotas-sera-una-realidad-asevero-el-presidente-de-panama-jose-raul-mulino-durante-la-x-jornada-de-esterilizaciones-efectuada-en-juan-diaz\/\"> [&#8230;]<\/a><\/p>\n","protected":false},"author":9,"featured_media":109207,"comment_status":"closed","ping_status":"closed","sticky":false,"template":"","format":"standard","meta":{"footnotes":""},"categories":[2],"tags":[],"class_list":["post-109206","post","type-post","status-publish","format-standard","has-post-thumbnail","hentry","category-nacionales"],"_links":{"self":[{"href":"https:\/\/sertv.gob.pa\/nacionalfm\/wp-json\/wp\/v2\/posts\/109206","targetHints":{"allow":["GET"]}}],"collection":[{"href":"https:\/\/sertv.gob.pa\/nacionalfm\/wp-json\/wp\/v2\/posts"}],"about":[{"href":"https:\/\/sertv.gob.pa\/nacionalfm\/wp-json\/wp\/v2\/types\/post"}],"author":[{"embeddable":true,"href":"https:\/\/sertv.gob.pa\/nacionalfm\/wp-json\/wp\/v2\/users\/9"}],"replies":[{"embeddable":true,"href":"https:\/\/sertv.gob.pa\/nacionalfm\/wp-json\/wp\/v2\/comments?post=109206"}],"version-history":[{"count":1,"href":"https:\/\/sertv.gob.pa\/nacionalfm\/wp-json\/wp\/v2\/posts\/109206\/revisions"}],"predecessor-version":[{"id":109208,"href":"https:\/\/sertv.gob.pa\/nacionalfm\/wp-json\/wp\/v2\/posts\/109206\/revisions\/109208"}],"wp:featuredmedia":[{"embeddable":true,"href":"https:\/\/sertv.gob.pa\/nacionalfm\/wp-json\/wp\/v2\/media\/109207"}],"wp:attachment":[{"href":"https:\/\/sertv.gob.pa\/nacionalfm\/wp-json\/wp\/v2\/media?parent=109206"}],"wp:term":[{"taxonomy":"category","embeddable":true,"href":"https:\/\/sertv.gob.pa\/nacionalfm\/wp-json\/wp\/v2\/categories?post=109206"},{"taxonomy":"post_tag","embeddable":true,"href":"https:\/\/sertv.gob.pa\/nacionalfm\/wp-json\/wp\/v2\/tags?post=109206"}],"curies":[{"name":"wp","href":"https:\/\/api.w.org\/{rel}","templated":true}]}}