{"id":109209,"date":"2025-06-23T10:47:25","date_gmt":"2025-06-23T15:47:25","guid":{"rendered":"https:\/\/sertv.gob.pa\/nacionalfm\/?p=109209"},"modified":"2025-06-23T10:47:25","modified_gmt":"2025-06-23T15:47:25","slug":"grupo-de-fuerzas-especiales-de-los-estamentos-seguridad-retoman-control-del-aeropuerto-internacional-ubicado-en-changuinola-provincia-de-bocas-del-toro","status":"publish","type":"post","link":"https:\/\/sertv.gob.pa\/nacionalfm\/grupo-de-fuerzas-especiales-de-los-estamentos-seguridad-retoman-control-del-aeropuerto-internacional-ubicado-en-changuinola-provincia-de-bocas-del-toro\/","title":{"rendered":"Grupo de Fuerzas Especiales de los Estamentos Seguridad, retoman control del Aeropuerto Internacional, ubicado en Changuinola,  provincia de Bocas del Toro"},"content":{"rendered":"<p><em><strong>Un contingente de unidades, de Fuerzas Especiales de la Polic\u00eda Nacional, Servicio Nacional de Fronteras y el Servicio Nacional Aeronaval retomaron este s\u00e1bado, 22 de junio de 2025, el control del aeropuerto Internacional Capit\u00e1n Manuel Ni\u00f1o, ubicado en Changuinola, que hab\u00eda sido afectado por v\u00e1ndalos en d\u00edas anteriores.<\/strong><\/em><\/p>\n<p><strong>Seg\u00fan dio a conocer, la Polic\u00eda Nacional de Panam\u00e1 (PNP), en las pr\u00f3ximas horas, se reforzara esta operaci\u00f3n con m\u00e1s unidades de apoyo.<\/strong><\/p>\n<p><strong>De igual forma, como parte de la Operaci\u00f3n Omega, se han aprehendido al menos 140 personas involucradas en actos vand\u00e1licos y otras acciones que atentan contra la seguridad y bienestar de la ciudadan\u00eda.<\/strong><\/p>\n<p>&nbsp;<\/p>\n<p>&nbsp;<\/p>\n","protected":false},"excerpt":{"rendered":"<p>Un contingente de unidades, de Fuerzas Especiales de la Polic\u00eda <a href=\"https:\/\/sertv.gob.pa\/nacionalfm\/grupo-de-fuerzas-especiales-de-los-estamentos-seguridad-retoman-control-del-aeropuerto-internacional-ubicado-en-changuinola-provincia-de-bocas-del-toro\/\"> [&#8230;]<\/a><\/p>\n","protected":false},"author":9,"featured_media":109210,"comment_status":"closed","ping_status":"closed","sticky":false,"template":"","format":"standard","meta":{"footnotes":""},"categories":[2],"tags":[],"class_list":["post-109209","post","type-post","status-publish","format-standard","has-post-thumbnail","hentry","category-nacionales"],"_links":{"self":[{"href":"https:\/\/sertv.gob.pa\/nacionalfm\/wp-json\/wp\/v2\/posts\/109209","targetHints":{"allow":["GET"]}}],"collection":[{"href":"https:\/\/sertv.gob.pa\/nacionalfm\/wp-json\/wp\/v2\/posts"}],"about":[{"href":"https:\/\/sertv.gob.pa\/nacionalfm\/wp-json\/wp\/v2\/types\/post"}],"author":[{"embeddable":true,"href":"https:\/\/sertv.gob.pa\/nacionalfm\/wp-json\/wp\/v2\/users\/9"}],"replies":[{"embeddable":true,"href":"https:\/\/sertv.gob.pa\/nacionalfm\/wp-json\/wp\/v2\/comments?post=109209"}],"version-history":[{"count":2,"href":"https:\/\/sertv.gob.pa\/nacionalfm\/wp-json\/wp\/v2\/posts\/109209\/revisions"}],"predecessor-version":[{"id":109212,"href":"https:\/\/sertv.gob.pa\/nacionalfm\/wp-json\/wp\/v2\/posts\/109209\/revisions\/109212"}],"wp:featuredmedia":[{"embeddable":true,"href":"https:\/\/sertv.gob.pa\/nacionalfm\/wp-json\/wp\/v2\/media\/109210"}],"wp:attachment":[{"href":"https:\/\/sertv.gob.pa\/nacionalfm\/wp-json\/wp\/v2\/media?parent=109209"}],"wp:term":[{"taxonomy":"category","embeddable":true,"href":"https:\/\/sertv.gob.pa\/nacionalfm\/wp-json\/wp\/v2\/categories?post=109209"},{"taxonomy":"post_tag","embeddable":true,"href":"https:\/\/sertv.gob.pa\/nacionalfm\/wp-json\/wp\/v2\/tags?post=109209"}],"curies":[{"name":"wp","href":"https:\/\/api.w.org\/{rel}","templated":true}]}}