{"id":109213,"date":"2025-06-23T10:52:50","date_gmt":"2025-06-23T15:52:50","guid":{"rendered":"https:\/\/sertv.gob.pa\/nacionalfm\/?p=109213"},"modified":"2025-06-23T10:52:50","modified_gmt":"2025-06-23T15:52:50","slug":"comunicado-44","status":"publish","type":"post","link":"https:\/\/sertv.gob.pa\/nacionalfm\/comunicado-44\/","title":{"rendered":"COMUNICADO"},"content":{"rendered":"<p><strong>El Ministerio de Salud (Minsa) ha desplegado una serie de medidas claves, para asegurar la atenci\u00f3n sanitaria en Bocas del Toro, frente a la compleja situaci\u00f3n que vive la provincia.<\/strong><\/p>\n<p><strong>Se ha gestionado a trav\u00e9s del Servicio Nacional Aeronaval (SENAN), el transporte a\u00e9reo de m\u00e1s de\u202f1,500\u202flibras de medicamentos e insumos m\u00e9dicos, entre los que destacan analg\u00e9sicos, antibi\u00f3ticos, desinflamatorios, antihipertensivos, imidazoles t\u00f3picos, suero de rehidrataci\u00f3n oral, y parenterales (soluci\u00f3n salina, lactato de Ringer), entre otros.<\/strong><\/p>\n<p><strong>Igualmente, a partir de este lunes se har\u00e1 recolecta de alimentos secos y enseres en las regiones de Salud del pa\u00eds, para ser destinados a las instalaciones de Salud de Bocas del Toro.<\/strong><\/p>\n<p><strong>Se mantiene activo el puente a\u00e9reo \u2013 coordinado con SENAN y CRUEM \u2013 para trasladar pacientes desde zonas de dif\u00edcil acceso.<\/strong><\/p>\n<p><strong>En aras de garantizar la atenci\u00f3n de los pacientes en Bocas del Toro, se extendi\u00f3 el horario de atenci\u00f3n del Minsa CAPSI de Finca 30, donde se operar\u00e1 ininterrumpidamente las 24 horas; mientras que, el Hospital Guillermo S\u00e1nchez Borb\u00f3n, en Isla Col\u00f3n, mantiene su servicio las 24 horas.<\/strong><\/p>\n<p><strong>De los 12 centros o puestos de Salud en la provincia, 7 est\u00e1n activos en horario regular, mientras que 5 mantienen servicios suspendidos, principalmente por falta de accesos o seguridad.<\/strong><\/p>\n<p><strong>El Minsa reitera su firme compromiso de seguir garantizando la atenci\u00f3n de salud a la poblaci\u00f3n de Bocas del Toro, a pesar de las dificultades log\u00edsticas y operativas causadas por la crisis actual.<\/strong><\/p>\n","protected":false},"excerpt":{"rendered":"<p>El Ministerio de Salud (Minsa) ha desplegado una serie de <a href=\"https:\/\/sertv.gob.pa\/nacionalfm\/comunicado-44\/\"> [&#8230;]<\/a><\/p>\n","protected":false},"author":9,"featured_media":90088,"comment_status":"closed","ping_status":"closed","sticky":false,"template":"","format":"standard","meta":{"footnotes":""},"categories":[2],"tags":[],"class_list":["post-109213","post","type-post","status-publish","format-standard","has-post-thumbnail","hentry","category-nacionales"],"_links":{"self":[{"href":"https:\/\/sertv.gob.pa\/nacionalfm\/wp-json\/wp\/v2\/posts\/109213","targetHints":{"allow":["GET"]}}],"collection":[{"href":"https:\/\/sertv.gob.pa\/nacionalfm\/wp-json\/wp\/v2\/posts"}],"about":[{"href":"https:\/\/sertv.gob.pa\/nacionalfm\/wp-json\/wp\/v2\/types\/post"}],"author":[{"embeddable":true,"href":"https:\/\/sertv.gob.pa\/nacionalfm\/wp-json\/wp\/v2\/users\/9"}],"replies":[{"embeddable":true,"href":"https:\/\/sertv.gob.pa\/nacionalfm\/wp-json\/wp\/v2\/comments?post=109213"}],"version-history":[{"count":1,"href":"https:\/\/sertv.gob.pa\/nacionalfm\/wp-json\/wp\/v2\/posts\/109213\/revisions"}],"predecessor-version":[{"id":109214,"href":"https:\/\/sertv.gob.pa\/nacionalfm\/wp-json\/wp\/v2\/posts\/109213\/revisions\/109214"}],"wp:featuredmedia":[{"embeddable":true,"href":"https:\/\/sertv.gob.pa\/nacionalfm\/wp-json\/wp\/v2\/media\/90088"}],"wp:attachment":[{"href":"https:\/\/sertv.gob.pa\/nacionalfm\/wp-json\/wp\/v2\/media?parent=109213"}],"wp:term":[{"taxonomy":"category","embeddable":true,"href":"https:\/\/sertv.gob.pa\/nacionalfm\/wp-json\/wp\/v2\/categories?post=109213"},{"taxonomy":"post_tag","embeddable":true,"href":"https:\/\/sertv.gob.pa\/nacionalfm\/wp-json\/wp\/v2\/tags?post=109213"}],"curies":[{"name":"wp","href":"https:\/\/api.w.org\/{rel}","templated":true}]}}