{"id":109215,"date":"2025-06-23T11:47:15","date_gmt":"2025-06-23T16:47:15","guid":{"rendered":"https:\/\/sertv.gob.pa\/nacionalfm\/?p=109215"},"modified":"2025-06-23T11:47:15","modified_gmt":"2025-06-23T16:47:15","slug":"fuerza-publica-sigue-desarrollo-de-operacion-omega-para-aprehender-personas-y-recuperar-articulos-hurtados-tras-actos-vandalicos-en-changuinola-bocas-del-toro","status":"publish","type":"post","link":"https:\/\/sertv.gob.pa\/nacionalfm\/fuerza-publica-sigue-desarrollo-de-operacion-omega-para-aprehender-personas-y-recuperar-articulos-hurtados-tras-actos-vandalicos-en-changuinola-bocas-del-toro\/","title":{"rendered":"Fuerza P\u00fablica sigue desarrollo de Operaci\u00f3n Omega para aprehender personas y recuperar art\u00edculos hurtados tras actos vand\u00e1licos en Changuinola, Bocas del Toro"},"content":{"rendered":"<p><em><strong>Despu\u00e9s de la operaci\u00f3n implementada para retomar el distrito de Changuinola, las unidades de la Fuerza P\u00fablica aprehendieron este domingo 22 de junio, a 35 adultos y un menor de edad y recuperan bienes hurtados durante los actos de vandalismo, ocurridos en d\u00edas anteriores.<\/strong><\/em><\/p>\n<p><strong>Los allanamientos, se llevaron a ejecuci\u00f3n, en diversos sectores como: el Cuadrante de Finca 11, precarismo de Villa Verde y precarismo de Plaza Changuinola, donde se ubican y recuperan televisores, neveras, colchones, celulares y otros art\u00edculos pertenecientes a los comercios afectados.<\/strong><\/p>\n<p><strong>Cabe mencionar, que desde que dio comienzo la Operaci\u00f3n Omega, el 14 de junio a la fecha, se han aprehendido a 192 personas, de estas, 90 presuntos pandilleros capturados en Changuinola. En tanto que, el resto, se dieron en los distritos de Almirante y Chiriqu\u00ed Grande; de acuerdo al \u00faltimo informe de balance emitido por las autoridades.<\/strong><\/p>\n<p><strong>Actualmente, se mantienen los allanamientos, capturas y despejes de v\u00edas.<\/strong><\/p>\n<p><strong>Es bueno enfatizar, que con esta acci\u00f3n, se recupera el orden p\u00fablico, desmantel\u00e1ndose a estos grupos que manten\u00edan aislada a la provincia, poniendo en riesgo la paz social y seguridad de los ciudadanos.<\/strong><\/p>\n","protected":false},"excerpt":{"rendered":"<p>Despu\u00e9s de la operaci\u00f3n implementada para retomar el distrito de <a href=\"https:\/\/sertv.gob.pa\/nacionalfm\/fuerza-publica-sigue-desarrollo-de-operacion-omega-para-aprehender-personas-y-recuperar-articulos-hurtados-tras-actos-vandalicos-en-changuinola-bocas-del-toro\/\"> [&#8230;]<\/a><\/p>\n","protected":false},"author":9,"featured_media":109216,"comment_status":"closed","ping_status":"closed","sticky":false,"template":"","format":"standard","meta":{"footnotes":""},"categories":[2],"tags":[],"class_list":["post-109215","post","type-post","status-publish","format-standard","has-post-thumbnail","hentry","category-nacionales"],"_links":{"self":[{"href":"https:\/\/sertv.gob.pa\/nacionalfm\/wp-json\/wp\/v2\/posts\/109215","targetHints":{"allow":["GET"]}}],"collection":[{"href":"https:\/\/sertv.gob.pa\/nacionalfm\/wp-json\/wp\/v2\/posts"}],"about":[{"href":"https:\/\/sertv.gob.pa\/nacionalfm\/wp-json\/wp\/v2\/types\/post"}],"author":[{"embeddable":true,"href":"https:\/\/sertv.gob.pa\/nacionalfm\/wp-json\/wp\/v2\/users\/9"}],"replies":[{"embeddable":true,"href":"https:\/\/sertv.gob.pa\/nacionalfm\/wp-json\/wp\/v2\/comments?post=109215"}],"version-history":[{"count":1,"href":"https:\/\/sertv.gob.pa\/nacionalfm\/wp-json\/wp\/v2\/posts\/109215\/revisions"}],"predecessor-version":[{"id":109217,"href":"https:\/\/sertv.gob.pa\/nacionalfm\/wp-json\/wp\/v2\/posts\/109215\/revisions\/109217"}],"wp:featuredmedia":[{"embeddable":true,"href":"https:\/\/sertv.gob.pa\/nacionalfm\/wp-json\/wp\/v2\/media\/109216"}],"wp:attachment":[{"href":"https:\/\/sertv.gob.pa\/nacionalfm\/wp-json\/wp\/v2\/media?parent=109215"}],"wp:term":[{"taxonomy":"category","embeddable":true,"href":"https:\/\/sertv.gob.pa\/nacionalfm\/wp-json\/wp\/v2\/categories?post=109215"},{"taxonomy":"post_tag","embeddable":true,"href":"https:\/\/sertv.gob.pa\/nacionalfm\/wp-json\/wp\/v2\/tags?post=109215"}],"curies":[{"name":"wp","href":"https:\/\/api.w.org\/{rel}","templated":true}]}}