{"id":109218,"date":"2025-06-23T11:56:20","date_gmt":"2025-06-23T16:56:20","guid":{"rendered":"https:\/\/sertv.gob.pa\/nacionalfm\/?p=109218"},"modified":"2025-06-23T11:56:20","modified_gmt":"2025-06-23T16:56:20","slug":"comunicado-45","status":"publish","type":"post","link":"https:\/\/sertv.gob.pa\/nacionalfm\/comunicado-45\/","title":{"rendered":"COMUNICADO"},"content":{"rendered":"<p><em><strong>El Ministerio de Salud (Minsa) informa a la ciudadan\u00eda que nuestras oficinas distritales, ubicadas en Plaza Changuinola, fueron objeto de actos de vandalismo en el marco de la violencia y saqueos ocurridos en diversos puntos de la provincia de Bocas del Toro.<\/strong><\/em><\/p>\n<p><strong>Durante estos hechos, se robaron o da\u00f1aron gravemente equipos de telemedicina, computadoras, mobiliario, televisores, papeler\u00eda e insumos m\u00e9dicos. Esta situaci\u00f3n afectar\u00e1 directamente la atenci\u00f3n especializada que reciben los residentes de la provincia, al dificultar las coordinaciones con m\u00e9dicos especialistas en la ciudad de Panam\u00e1 y otras regiones. Precisamente, estos equipos permit\u00edan agilizar los procesos m\u00e9dicos de pacientes con diversas enfermedades o dolencias, evitando traslados innecesarios y prolongados.<\/strong><\/p>\n<p><strong>Se trata de equipamiento costoso, propiedad del Estado. En consecuencia, se presentar\u00e1n las denuncias correspondientes ante el Ministerio P\u00fablico.<\/strong><\/p>\n<p><strong>Asimismo, la sede regional del Minsa en Bocas del Toro tambi\u00e9n sufri\u00f3 da\u00f1os por parte de estos grupos violentos, incluyendo la rotura de ventanas y vidrieras.<\/strong><\/p>\n<p><strong>El Ministerio de Salud repudia en\u00e9rgicamente estos actos de vandalismo que afectan la salud p\u00fablica y obstaculizan la atenci\u00f3n oportuna que merecen los pacientes al acudir a nuestras instalaciones de salud.<\/strong><\/p>\n<p>&nbsp;<\/p>\n","protected":false},"excerpt":{"rendered":"<p>El Ministerio de Salud (Minsa) informa a la ciudadan\u00eda que <a href=\"https:\/\/sertv.gob.pa\/nacionalfm\/comunicado-45\/\"> [&#8230;]<\/a><\/p>\n","protected":false},"author":9,"featured_media":79542,"comment_status":"closed","ping_status":"closed","sticky":false,"template":"","format":"standard","meta":{"footnotes":""},"categories":[2],"tags":[],"class_list":["post-109218","post","type-post","status-publish","format-standard","has-post-thumbnail","hentry","category-nacionales"],"_links":{"self":[{"href":"https:\/\/sertv.gob.pa\/nacionalfm\/wp-json\/wp\/v2\/posts\/109218","targetHints":{"allow":["GET"]}}],"collection":[{"href":"https:\/\/sertv.gob.pa\/nacionalfm\/wp-json\/wp\/v2\/posts"}],"about":[{"href":"https:\/\/sertv.gob.pa\/nacionalfm\/wp-json\/wp\/v2\/types\/post"}],"author":[{"embeddable":true,"href":"https:\/\/sertv.gob.pa\/nacionalfm\/wp-json\/wp\/v2\/users\/9"}],"replies":[{"embeddable":true,"href":"https:\/\/sertv.gob.pa\/nacionalfm\/wp-json\/wp\/v2\/comments?post=109218"}],"version-history":[{"count":2,"href":"https:\/\/sertv.gob.pa\/nacionalfm\/wp-json\/wp\/v2\/posts\/109218\/revisions"}],"predecessor-version":[{"id":109220,"href":"https:\/\/sertv.gob.pa\/nacionalfm\/wp-json\/wp\/v2\/posts\/109218\/revisions\/109220"}],"wp:featuredmedia":[{"embeddable":true,"href":"https:\/\/sertv.gob.pa\/nacionalfm\/wp-json\/wp\/v2\/media\/79542"}],"wp:attachment":[{"href":"https:\/\/sertv.gob.pa\/nacionalfm\/wp-json\/wp\/v2\/media?parent=109218"}],"wp:term":[{"taxonomy":"category","embeddable":true,"href":"https:\/\/sertv.gob.pa\/nacionalfm\/wp-json\/wp\/v2\/categories?post=109218"},{"taxonomy":"post_tag","embeddable":true,"href":"https:\/\/sertv.gob.pa\/nacionalfm\/wp-json\/wp\/v2\/tags?post=109218"}],"curies":[{"name":"wp","href":"https:\/\/api.w.org\/{rel}","templated":true}]}}