{"id":109233,"date":"2025-06-23T14:36:58","date_gmt":"2025-06-23T19:36:58","guid":{"rendered":"https:\/\/sertv.gob.pa\/nacionalfm\/?p=109233"},"modified":"2025-06-23T14:36:58","modified_gmt":"2025-06-23T19:36:58","slug":"desde-el-centro-de-operacion-de-emergencia-del-minsa-autoridades-de-salud-monitorean-condicion-en-bocas-del-toro","status":"publish","type":"post","link":"https:\/\/sertv.gob.pa\/nacionalfm\/desde-el-centro-de-operacion-de-emergencia-del-minsa-autoridades-de-salud-monitorean-condicion-en-bocas-del-toro\/","title":{"rendered":"Desde el Centro de Operaci\u00f3n de Emergencia del MINSA, autoridades de Salud monitorean condici\u00f3n en Bocas del Toro"},"content":{"rendered":"<p><em><strong>El ministro de Salud de Panam\u00e1, Fernando Boyd Galindo, en la ma\u00f1ana de este lunes 23 de junio, da seguimiento a la situaci\u00f3n en Bocas del Toro desde el Centro de Operaci\u00f3n de Emergencia de Salud, a fin de continuar garantizando la atenci\u00f3n de salud a la poblaci\u00f3n.<\/strong><\/em><\/p>\n<p><strong>El Ministerio de Salud de Panam\u00e1, est\u00e1 comprometido en mantener abastecidas todas las instalaciones de salud con medicamentos e insumos y el traslado de los pacientes que lo requieran a otras provincias.<\/strong><\/p>\n<p><strong>Este encuentro, el cual se desarroll\u00f3 en el Centro de Operaci\u00f3n de Emergencia de Salud, estuvo encabezado por el ministro de Salud, Fernando Boyd Galindo; viceministro de Salud, Manuel Zambrano; secretario General, Julio Arosemena, directores nacionales y personal t\u00e9cnico del MINSA.<\/strong><\/p>\n<p>&nbsp;<\/p>\n","protected":false},"excerpt":{"rendered":"<p>El ministro de Salud de Panam\u00e1, Fernando Boyd Galindo, en <a href=\"https:\/\/sertv.gob.pa\/nacionalfm\/desde-el-centro-de-operacion-de-emergencia-del-minsa-autoridades-de-salud-monitorean-condicion-en-bocas-del-toro\/\"> [&#8230;]<\/a><\/p>\n","protected":false},"author":9,"featured_media":109234,"comment_status":"closed","ping_status":"closed","sticky":false,"template":"","format":"standard","meta":{"footnotes":""},"categories":[2],"tags":[],"class_list":["post-109233","post","type-post","status-publish","format-standard","has-post-thumbnail","hentry","category-nacionales"],"_links":{"self":[{"href":"https:\/\/sertv.gob.pa\/nacionalfm\/wp-json\/wp\/v2\/posts\/109233","targetHints":{"allow":["GET"]}}],"collection":[{"href":"https:\/\/sertv.gob.pa\/nacionalfm\/wp-json\/wp\/v2\/posts"}],"about":[{"href":"https:\/\/sertv.gob.pa\/nacionalfm\/wp-json\/wp\/v2\/types\/post"}],"author":[{"embeddable":true,"href":"https:\/\/sertv.gob.pa\/nacionalfm\/wp-json\/wp\/v2\/users\/9"}],"replies":[{"embeddable":true,"href":"https:\/\/sertv.gob.pa\/nacionalfm\/wp-json\/wp\/v2\/comments?post=109233"}],"version-history":[{"count":1,"href":"https:\/\/sertv.gob.pa\/nacionalfm\/wp-json\/wp\/v2\/posts\/109233\/revisions"}],"predecessor-version":[{"id":109235,"href":"https:\/\/sertv.gob.pa\/nacionalfm\/wp-json\/wp\/v2\/posts\/109233\/revisions\/109235"}],"wp:featuredmedia":[{"embeddable":true,"href":"https:\/\/sertv.gob.pa\/nacionalfm\/wp-json\/wp\/v2\/media\/109234"}],"wp:attachment":[{"href":"https:\/\/sertv.gob.pa\/nacionalfm\/wp-json\/wp\/v2\/media?parent=109233"}],"wp:term":[{"taxonomy":"category","embeddable":true,"href":"https:\/\/sertv.gob.pa\/nacionalfm\/wp-json\/wp\/v2\/categories?post=109233"},{"taxonomy":"post_tag","embeddable":true,"href":"https:\/\/sertv.gob.pa\/nacionalfm\/wp-json\/wp\/v2\/tags?post=109233"}],"curies":[{"name":"wp","href":"https:\/\/api.w.org\/{rel}","templated":true}]}}