{"id":109240,"date":"2025-06-24T09:03:53","date_gmt":"2025-06-24T14:03:53","guid":{"rendered":"https:\/\/sertv.gob.pa\/nacionalfm\/?p=109240"},"modified":"2025-06-24T09:03:54","modified_gmt":"2025-06-24T14:03:54","slug":"agradecemos-a-todos-los-docentes-y-padres-de-familia-comprometidos-con-la-educacion","status":"publish","type":"post","link":"https:\/\/sertv.gob.pa\/nacionalfm\/agradecemos-a-todos-los-docentes-y-padres-de-familia-comprometidos-con-la-educacion\/","title":{"rendered":"Agradecemos a todos los docentes y padres de familia comprometidos con la educaci\u00f3n"},"content":{"rendered":"<div class=\"fusion-fullwidth fullwidth-box fusion-builder-row-1 fusion-flex-container nonhundred-percent-fullwidth non-hundred-percent-height-scrolling\" style=\"--awb-border-radius-top-left:0px;--awb-border-radius-top-right:0px;--awb-border-radius-bottom-right:0px;--awb-border-radius-bottom-left:0px;--awb-flex-wrap:wrap;\" ><div class=\"fusion-builder-row fusion-row fusion-flex-align-items-flex-start fusion-flex-content-wrap\" style=\"max-width:1144px;margin-left: calc(-4% \/ 2 );margin-right: calc(-4% \/ 2 );\"><div class=\"fusion-layout-column fusion_builder_column fusion-builder-column-0 fusion_builder_column_1_1 1_1 fusion-flex-column\" style=\"--awb-bg-size:cover;--awb-width-large:100%;--awb-margin-top-large:0px;--awb-spacing-right-large:1.92%;--awb-margin-bottom-large:0px;--awb-spacing-left-large:1.92%;--awb-width-medium:100%;--awb-spacing-right-medium:1.92%;--awb-spacing-left-medium:1.92%;--awb-width-small:100%;--awb-spacing-right-small:1.92%;--awb-spacing-left-small:1.92%;\"><div class=\"fusion-column-wrapper fusion-flex-justify-content-flex-start fusion-content-layout-column\"><div class=\"fusion-text fusion-text-1\" style=\"--awb-content-alignment:justify;\"><p><strong>Este lunes 23 de junio inicio oficialmente el segundo trimestre del a\u00f1o escolar 2025, con el compromiso de continuar fortaleciendo el proceso de ense\u00f1anza-aprendizaje, consolidar los contenidos acad\u00e9micos y seguir promoviendo el desarrollo integral de nuestros estudiantes.<\/strong><\/p>\n<p><strong>Agradecemos a toda la comunidad educativa: padres de familia, estudiantes, docentes, directores y personal administrativo por su compromiso con la formaci\u00f3n de ciudadanos \u00edntegros, responsables y preparados para afrontar los desaf\u00edos del futuro.<\/strong><\/p>\n<p><strong>Hemos iniciado el trimestre con la mayor\u00eda de los centros educativos abiertos, atendiendo a sus estudiantes y con educadores firmes en su proceso educativo en las 16 regiones escolares del pa\u00eds.<\/strong><\/p>\n<p><strong>A los docentes que se han reincorporado a sus labores, su retorno a las aulas representa un valioso acto de compromiso, vocaci\u00f3n y responsabilidad, que garantiza la continuidad del servicio educativo y la calidad de los aprendizajes en el sistema oficial. Reconocemos el apoyo de madres, padres y responsables que acompa\u00f1an de cerca el proceso educativo de sus hijas e hijos, defendiendo con valent\u00eda su derecho a una educaci\u00f3n oficial permanente.<\/strong><\/p>\n<p><strong>En este sentido, renovamos el llamado a fortalecer el trabajo articulado entre todos los actores del sistema educativo, con el deseo de avanzar hacia una educaci\u00f3n p\u00fablica de calidad, inclusiva y centrada en el bienestar de la poblaci\u00f3n estudiantil.<\/strong><\/p>\n<p><strong>Reiteramos a todos los maestros y profesores que no se requiere presentar ning\u00fan documento para reincorporarse a sus funciones, solo los necesitamos a ustedes para que en cada aula nuestros ni\u00f1os reciban conocimiento, gu\u00eda e inspiraci\u00f3n.<\/strong><\/p>\n<\/div><div class=\"awb-gallery-wrapper awb-gallery-wrapper-1 button-span-no\" style=\"--more-btn-alignment:center;\"><div style=\"margin:-5px;--awb-bordersize:0px;\" class=\"fusion-gallery fusion-gallery-container fusion-grid-3 fusion-columns-total-2 fusion-gallery-layout-grid fusion-gallery-1\"><div style=\"padding:5px;\" class=\"fusion-grid-column fusion-gallery-column fusion-gallery-column-3 hover-type-none\"><div class=\"fusion-gallery-image\"><a href=\"https:\/\/sertv.gob.pa\/nacionalfm\/wp-content\/uploads\/sites\/6\/2025\/06\/AGRADECIMIENTO-DEL-MEDUCA-1.jpeg\" rel=\"noreferrer\" data-rel=\"iLightbox[gallery_image_1]\" class=\"fusion-lightbox\" target=\"_self\"><img decoding=\"async\" src=\"https:\/\/sertv.gob.pa\/nacionalfm\/wp-content\/uploads\/sites\/6\/2025\/06\/AGRADECIMIENTO-DEL-MEDUCA-1.jpeg\" width=\"480\" height=\"600\" alt=\"\" title=\"AGRADECIMIENTO DEL MEDUCA 1\" aria-label=\"AGRADECIMIENTO DEL MEDUCA 1\" class=\"img-responsive wp-image-109242\" srcset=\"https:\/\/sertv.gob.pa\/nacionalfm\/wp-content\/uploads\/sites\/6\/2025\/06\/AGRADECIMIENTO-DEL-MEDUCA-1-200x250.jpeg 200w, https:\/\/sertv.gob.pa\/nacionalfm\/wp-content\/uploads\/sites\/6\/2025\/06\/AGRADECIMIENTO-DEL-MEDUCA-1-400x500.jpeg 400w, https:\/\/sertv.gob.pa\/nacionalfm\/wp-content\/uploads\/sites\/6\/2025\/06\/AGRADECIMIENTO-DEL-MEDUCA-1.jpeg 480w\" sizes=\"(min-width: 2200px) 100vw, (min-width: 784px) 363px, (min-width: 712px) 545px, (min-width: 640px) 712px, \" \/><\/a><\/div><\/div><div style=\"padding:5px;\" class=\"fusion-grid-column fusion-gallery-column fusion-gallery-column-3 hover-type-none\"><div class=\"fusion-gallery-image\"><a href=\"https:\/\/sertv.gob.pa\/nacionalfm\/wp-content\/uploads\/sites\/6\/2025\/06\/AGRADECIMIENTO-DEL-MEDUCA-2.jpeg\" rel=\"noreferrer\" data-rel=\"iLightbox[gallery_image_1]\" class=\"fusion-lightbox\" target=\"_self\"><img decoding=\"async\" src=\"https:\/\/sertv.gob.pa\/nacionalfm\/wp-content\/uploads\/sites\/6\/2025\/06\/AGRADECIMIENTO-DEL-MEDUCA-2.jpeg\" width=\"480\" height=\"600\" alt=\"\" title=\"AGRADECIMIENTO DEL MEDUCA 2\" aria-label=\"AGRADECIMIENTO DEL MEDUCA 2\" class=\"img-responsive wp-image-109243\" srcset=\"https:\/\/sertv.gob.pa\/nacionalfm\/wp-content\/uploads\/sites\/6\/2025\/06\/AGRADECIMIENTO-DEL-MEDUCA-2-200x250.jpeg 200w, https:\/\/sertv.gob.pa\/nacionalfm\/wp-content\/uploads\/sites\/6\/2025\/06\/AGRADECIMIENTO-DEL-MEDUCA-2-400x500.jpeg 400w, https:\/\/sertv.gob.pa\/nacionalfm\/wp-content\/uploads\/sites\/6\/2025\/06\/AGRADECIMIENTO-DEL-MEDUCA-2.jpeg 480w\" sizes=\"(min-width: 2200px) 100vw, (min-width: 784px) 363px, (min-width: 712px) 545px, (min-width: 640px) 712px, \" \/><\/a><\/div><\/div><\/div><\/div><\/div><\/div><\/div><\/div>\n","protected":false},"excerpt":{"rendered":"<p>&#8230;<\/p>\n","protected":false},"author":9,"featured_media":109241,"comment_status":"closed","ping_status":"closed","sticky":false,"template":"","format":"standard","meta":{"footnotes":""},"categories":[2],"tags":[],"class_list":["post-109240","post","type-post","status-publish","format-standard","has-post-thumbnail","hentry","category-nacionales"],"_links":{"self":[{"href":"https:\/\/sertv.gob.pa\/nacionalfm\/wp-json\/wp\/v2\/posts\/109240","targetHints":{"allow":["GET"]}}],"collection":[{"href":"https:\/\/sertv.gob.pa\/nacionalfm\/wp-json\/wp\/v2\/posts"}],"about":[{"href":"https:\/\/sertv.gob.pa\/nacionalfm\/wp-json\/wp\/v2\/types\/post"}],"author":[{"embeddable":true,"href":"https:\/\/sertv.gob.pa\/nacionalfm\/wp-json\/wp\/v2\/users\/9"}],"replies":[{"embeddable":true,"href":"https:\/\/sertv.gob.pa\/nacionalfm\/wp-json\/wp\/v2\/comments?post=109240"}],"version-history":[{"count":2,"href":"https:\/\/sertv.gob.pa\/nacionalfm\/wp-json\/wp\/v2\/posts\/109240\/revisions"}],"predecessor-version":[{"id":109245,"href":"https:\/\/sertv.gob.pa\/nacionalfm\/wp-json\/wp\/v2\/posts\/109240\/revisions\/109245"}],"wp:featuredmedia":[{"embeddable":true,"href":"https:\/\/sertv.gob.pa\/nacionalfm\/wp-json\/wp\/v2\/media\/109241"}],"wp:attachment":[{"href":"https:\/\/sertv.gob.pa\/nacionalfm\/wp-json\/wp\/v2\/media?parent=109240"}],"wp:term":[{"taxonomy":"category","embeddable":true,"href":"https:\/\/sertv.gob.pa\/nacionalfm\/wp-json\/wp\/v2\/categories?post=109240"},{"taxonomy":"post_tag","embeddable":true,"href":"https:\/\/sertv.gob.pa\/nacionalfm\/wp-json\/wp\/v2\/tags?post=109240"}],"curies":[{"name":"wp","href":"https:\/\/api.w.org\/{rel}","templated":true}]}}