{"id":109246,"date":"2025-06-24T09:38:21","date_gmt":"2025-06-24T14:38:21","guid":{"rendered":"https:\/\/sertv.gob.pa\/nacionalfm\/?p=109246"},"modified":"2025-06-24T09:40:13","modified_gmt":"2025-06-24T14:40:13","slug":"fuerza-publica-de-panama-logra-recuperar-comunicacion-entre-changuinola-y-almirante-a-raiz-de-las-protestas","status":"publish","type":"post","link":"https:\/\/sertv.gob.pa\/nacionalfm\/fuerza-publica-de-panama-logra-recuperar-comunicacion-entre-changuinola-y-almirante-a-raiz-de-las-protestas\/","title":{"rendered":"Fuerza P\u00fablica de Panam\u00e1, logra recuperar comunicaci\u00f3n entre Changuinola y Almirante a ra\u00edz de las protestas"},"content":{"rendered":"<p><em><strong>Unidades de la Fuerza P\u00fablica de Panam\u00e1 lograron abrir, v\u00eda terrestre, la comunicaci\u00f3n entre Changuinola y Almirante, despu\u00e9s de casi 30 d\u00edas de permanecer cerrada a ra\u00edz de las protestas, actos vand\u00e1licos y destrucci\u00f3n de propiedad privada y p\u00fablica, encabezados por pandilleros.<\/strong><\/em><\/p>\n<p><strong>En este sentido, el viceministro de Seguridad P\u00fablica de Panam\u00e1 , Luis Felipe Icaza, manifest\u00f3 que, hasta el momento, la Fuerza P\u00fablica ha aprehendido 304 personas durante el \u201cEstado de Urgencia\u201d, decretado por el Gobierno Nacional en la comunidad de Changuinola, de este total 18 son menores de edad.<\/strong><\/p>\n<p><strong>\u201cGran parte de las aprehensiones se deben a vandalismo y saqueo de 13 estructuras p\u00fablicas, 3 instalaciones industriales y 20 comercios o establecimientos de servicio, adem\u00e1s de 47 veh\u00edculos vandalizados, 26 incendiados y 10 hurtados\u201d revel\u00f3 Icaza.<\/strong><\/p>\n<p><strong>Mientras que, el director general de la Polic\u00eda Nacional, Jaime Fern\u00e1ndez, recalc\u00f3 que, se ha reforzado la presencia de uniformados, que ya suman 2,500; adem\u00e1s que se ha iniciado las conversaciones y di\u00e1logos con l\u00edderes comunitarios para garantizar una paz duradera.<\/strong><\/p>\n<p><strong>Enfatiz\u00f3 que, a\u00fan se mantiene prohibido el uso de armas y que las unidades linces que se han enviado, son para apoyar en las labores de vigilancia y diligencias de allanamientos en apoyo al Ministerio P\u00fablico.<\/strong><\/p>\n<p><strong>Fern\u00e1ndez a\u00f1adi\u00f3 adem\u00e1s, que se han interpuesto 110 denuncias en las provincias de Veraguas, Chiriqu\u00ed y Bocas del Toro, para deslindar responsabilidades por los da\u00f1os a la propiedad ajena.<\/strong><\/p>\n<p><strong>\u201cEl traslado de personas involucradas en los actos delictivos y vand\u00e1licos de Changuinola, hacia la provincia de Chiriqu\u00ed es perfectamente legal porque se mantienen dentro del mismo circuito judicial y se hicieron las consultas en todas las instancias legales de la Fuerza P\u00fablica\u201d, se\u00f1al\u00f3 el funcionario.<\/strong><\/p>\n<p><strong>En lo relativo a las operaciones del \u201cPuente A\u00e9reo Humanitario\u201d, el director la Aeronaval, Luis De Gracia, dio a conocer, que hasta la fecha, se han transportado 1,030 pasajeros, por razones de ayuda humanitaria, asistencia m\u00e9dica y por razones laborales. Igualmente, se mantiene el traslado de insumos m\u00e9dicos, alimentos y log\u00edstica.<\/strong><\/p>\n","protected":false},"excerpt":{"rendered":"<p>Unidades de la Fuerza P\u00fablica de Panam\u00e1 lograron abrir, v\u00eda terrestre, la comunicaci\u00f3n entre Changuinola y Almirante, despu\u00e9s de casi 30 d\u00edas de permanecer cerr&#8230;<\/p>\n","protected":false},"author":9,"featured_media":109247,"comment_status":"closed","ping_status":"closed","sticky":false,"template":"","format":"standard","meta":{"footnotes":""},"categories":[2],"tags":[],"class_list":["post-109246","post","type-post","status-publish","format-standard","has-post-thumbnail","hentry","category-nacionales"],"_links":{"self":[{"href":"https:\/\/sertv.gob.pa\/nacionalfm\/wp-json\/wp\/v2\/posts\/109246","targetHints":{"allow":["GET"]}}],"collection":[{"href":"https:\/\/sertv.gob.pa\/nacionalfm\/wp-json\/wp\/v2\/posts"}],"about":[{"href":"https:\/\/sertv.gob.pa\/nacionalfm\/wp-json\/wp\/v2\/types\/post"}],"author":[{"embeddable":true,"href":"https:\/\/sertv.gob.pa\/nacionalfm\/wp-json\/wp\/v2\/users\/9"}],"replies":[{"embeddable":true,"href":"https:\/\/sertv.gob.pa\/nacionalfm\/wp-json\/wp\/v2\/comments?post=109246"}],"version-history":[{"count":2,"href":"https:\/\/sertv.gob.pa\/nacionalfm\/wp-json\/wp\/v2\/posts\/109246\/revisions"}],"predecessor-version":[{"id":109249,"href":"https:\/\/sertv.gob.pa\/nacionalfm\/wp-json\/wp\/v2\/posts\/109246\/revisions\/109249"}],"wp:featuredmedia":[{"embeddable":true,"href":"https:\/\/sertv.gob.pa\/nacionalfm\/wp-json\/wp\/v2\/media\/109247"}],"wp:attachment":[{"href":"https:\/\/sertv.gob.pa\/nacionalfm\/wp-json\/wp\/v2\/media?parent=109246"}],"wp:term":[{"taxonomy":"category","embeddable":true,"href":"https:\/\/sertv.gob.pa\/nacionalfm\/wp-json\/wp\/v2\/categories?post=109246"},{"taxonomy":"post_tag","embeddable":true,"href":"https:\/\/sertv.gob.pa\/nacionalfm\/wp-json\/wp\/v2\/tags?post=109246"}],"curies":[{"name":"wp","href":"https:\/\/api.w.org\/{rel}","templated":true}]}}