{"id":109251,"date":"2025-06-24T10:16:33","date_gmt":"2025-06-24T15:16:33","guid":{"rendered":"https:\/\/sertv.gob.pa\/nacionalfm\/?p=109251"},"modified":"2025-06-24T10:16:35","modified_gmt":"2025-06-24T15:16:35","slug":"ifarhu-concluyo-jornada-de-pagos-a-becarios-proyectada-para-este-sabado","status":"publish","type":"post","link":"https:\/\/sertv.gob.pa\/nacionalfm\/ifarhu-concluyo-jornada-de-pagos-a-becarios-proyectada-para-este-sabado\/","title":{"rendered":"IFARHU concluy\u00f3 jornada de pagos a becarios, proyectada para este s\u00e1bado"},"content":{"rendered":"<p><em><strong>Este s\u00e1bado 21 de junio de 2025, el Instituto para la Formaci\u00f3n y Aprovechamiento de Recursos Humanos de Panam\u00e1 (IFARHU), llev\u00f3 a cabo la jornada de pago, en la sede central para planteles educativos de los corregimientos de: Bella Vista y Anc\u00f3n anunciados en los cronogramas publicados.<\/strong><\/em><\/p>\n<p><strong>Durante la gesti\u00f3n, se cont\u00f3 con la presencia del director general, Carlos Godoy, quien supervis\u00f3 las coordinaciones y se encarg\u00f3 de brindar sus conocimientos, a los funcionarios que atienden a los becarios.<\/strong><\/p>\n<p><strong>De igual modo, el director Godoy personalmente, orient\u00f3 a los beneficiarios que acudieron a retirar sus beneficios.<\/strong><\/p>\n","protected":false},"excerpt":{"rendered":"<p>Este s\u00e1bado 21 de junio de 2025, el Instituto para la Formaci\u00f3n y Aprovechamiento de Recursos Humanos de Panam\u00e1 (IFARHU), llev\u00f3 a cabo la jornada de pago, en la&#8230;<\/p>\n","protected":false},"author":9,"featured_media":109252,"comment_status":"closed","ping_status":"closed","sticky":false,"template":"","format":"standard","meta":{"footnotes":""},"categories":[2],"tags":[],"class_list":["post-109251","post","type-post","status-publish","format-standard","has-post-thumbnail","hentry","category-nacionales"],"_links":{"self":[{"href":"https:\/\/sertv.gob.pa\/nacionalfm\/wp-json\/wp\/v2\/posts\/109251","targetHints":{"allow":["GET"]}}],"collection":[{"href":"https:\/\/sertv.gob.pa\/nacionalfm\/wp-json\/wp\/v2\/posts"}],"about":[{"href":"https:\/\/sertv.gob.pa\/nacionalfm\/wp-json\/wp\/v2\/types\/post"}],"author":[{"embeddable":true,"href":"https:\/\/sertv.gob.pa\/nacionalfm\/wp-json\/wp\/v2\/users\/9"}],"replies":[{"embeddable":true,"href":"https:\/\/sertv.gob.pa\/nacionalfm\/wp-json\/wp\/v2\/comments?post=109251"}],"version-history":[{"count":1,"href":"https:\/\/sertv.gob.pa\/nacionalfm\/wp-json\/wp\/v2\/posts\/109251\/revisions"}],"predecessor-version":[{"id":109253,"href":"https:\/\/sertv.gob.pa\/nacionalfm\/wp-json\/wp\/v2\/posts\/109251\/revisions\/109253"}],"wp:featuredmedia":[{"embeddable":true,"href":"https:\/\/sertv.gob.pa\/nacionalfm\/wp-json\/wp\/v2\/media\/109252"}],"wp:attachment":[{"href":"https:\/\/sertv.gob.pa\/nacionalfm\/wp-json\/wp\/v2\/media?parent=109251"}],"wp:term":[{"taxonomy":"category","embeddable":true,"href":"https:\/\/sertv.gob.pa\/nacionalfm\/wp-json\/wp\/v2\/categories?post=109251"},{"taxonomy":"post_tag","embeddable":true,"href":"https:\/\/sertv.gob.pa\/nacionalfm\/wp-json\/wp\/v2\/tags?post=109251"}],"curies":[{"name":"wp","href":"https:\/\/api.w.org\/{rel}","templated":true}]}}