{"id":109254,"date":"2025-06-24T10:52:16","date_gmt":"2025-06-24T15:52:16","guid":{"rendered":"https:\/\/sertv.gob.pa\/nacionalfm\/?p=109254"},"modified":"2025-06-24T10:52:18","modified_gmt":"2025-06-24T15:52:18","slug":"reciente-reunion-realiza-comision-interinstitucional-sobre-la-pesca-ilegal","status":"publish","type":"post","link":"https:\/\/sertv.gob.pa\/nacionalfm\/reciente-reunion-realiza-comision-interinstitucional-sobre-la-pesca-ilegal\/","title":{"rendered":"Reciente reuni\u00f3n realiza Comisi\u00f3n Interinstitucional sobre la pesca ilegal"},"content":{"rendered":"<p><em><strong>En fecha reciente, se reuni\u00f3 la mesa interinstitucional, de la que la Autoridad Nacional de Aduanas de Panam\u00e1 (ANA) forma parte, a fin de tratar los avances a la Secretar\u00eda de Metas del Ministerio de la Presidencia sobre el Diagn\u00f3stico de la pesca ilegal en Panam\u00e1.<\/strong><\/em><\/p>\n<p><strong>Dicha comisi\u00f3n, est\u00e1 integrada por comisionados de varias entidades y por parte de la ANA, la Subdirectora General T\u00e9cnica Carmen Tapia.<\/strong><\/p>\n<p><strong>Los mismos, participan en el proceso de eliminaci\u00f3n de la tarjeta amarilla impuesta a Panam\u00e1 por la Uni\u00f3n Europea en el 2019 y que requiere de la coordinaci\u00f3n, seguimiento y trabajo en equipo.<\/strong><\/p>\n<p><strong>Esta Comisi\u00f3n, representa un paso importante en la lucha contra la pesca ilegal de productos del mar paname\u00f1os que se exportan a la Uni\u00f3n Europea, que podr\u00edan verse afectados si no se toman los correctivos necesarios.<\/strong><\/p>\n<p><strong>Entre algunas medidas que se adelantan, se encuentra la instalaci\u00f3n de sistemas de vigilancia, como: el Sistema de Monitoreo de Embarcaciones (VMS) y la implementaci\u00f3n de programas de trazabilidad para el seguimiento de productos pesqueros.<\/strong><\/p>\n<p><strong>Cabe resaltar, que estas acciones, buscan garantizar la sostenibilidad de los recursos marinos y prevenir de esta forma, la pesca ilegal.<\/strong><\/p>\n","protected":false},"excerpt":{"rendered":"<p>En fecha reciente, se reuni\u00f3 la mesa interinstitucional, de la que la Autoridad Nacional de Aduanas de Panam\u00e1 (ANA) forma parte, a fin de tratar los avances a l&#8230;<\/p>\n","protected":false},"author":9,"featured_media":109255,"comment_status":"closed","ping_status":"closed","sticky":false,"template":"","format":"standard","meta":{"footnotes":""},"categories":[2],"tags":[],"class_list":["post-109254","post","type-post","status-publish","format-standard","has-post-thumbnail","hentry","category-nacionales"],"_links":{"self":[{"href":"https:\/\/sertv.gob.pa\/nacionalfm\/wp-json\/wp\/v2\/posts\/109254","targetHints":{"allow":["GET"]}}],"collection":[{"href":"https:\/\/sertv.gob.pa\/nacionalfm\/wp-json\/wp\/v2\/posts"}],"about":[{"href":"https:\/\/sertv.gob.pa\/nacionalfm\/wp-json\/wp\/v2\/types\/post"}],"author":[{"embeddable":true,"href":"https:\/\/sertv.gob.pa\/nacionalfm\/wp-json\/wp\/v2\/users\/9"}],"replies":[{"embeddable":true,"href":"https:\/\/sertv.gob.pa\/nacionalfm\/wp-json\/wp\/v2\/comments?post=109254"}],"version-history":[{"count":1,"href":"https:\/\/sertv.gob.pa\/nacionalfm\/wp-json\/wp\/v2\/posts\/109254\/revisions"}],"predecessor-version":[{"id":109256,"href":"https:\/\/sertv.gob.pa\/nacionalfm\/wp-json\/wp\/v2\/posts\/109254\/revisions\/109256"}],"wp:featuredmedia":[{"embeddable":true,"href":"https:\/\/sertv.gob.pa\/nacionalfm\/wp-json\/wp\/v2\/media\/109255"}],"wp:attachment":[{"href":"https:\/\/sertv.gob.pa\/nacionalfm\/wp-json\/wp\/v2\/media?parent=109254"}],"wp:term":[{"taxonomy":"category","embeddable":true,"href":"https:\/\/sertv.gob.pa\/nacionalfm\/wp-json\/wp\/v2\/categories?post=109254"},{"taxonomy":"post_tag","embeddable":true,"href":"https:\/\/sertv.gob.pa\/nacionalfm\/wp-json\/wp\/v2\/tags?post=109254"}],"curies":[{"name":"wp","href":"https:\/\/api.w.org\/{rel}","templated":true}]}}