{"id":109257,"date":"2025-06-24T11:40:58","date_gmt":"2025-06-24T16:40:58","guid":{"rendered":"https:\/\/sertv.gob.pa\/nacionalfm\/?p=109257"},"modified":"2025-06-24T11:51:32","modified_gmt":"2025-06-24T16:51:32","slug":"presidente-de-panama-jose-raul-mulino-recibe-en-su-despacho-a-secretaria-de-seguridad-de-ee-uu-kristi-noem","status":"publish","type":"post","link":"https:\/\/sertv.gob.pa\/nacionalfm\/presidente-de-panama-jose-raul-mulino-recibe-en-su-despacho-a-secretaria-de-seguridad-de-ee-uu-kristi-noem\/","title":{"rendered":"Presidente de Panam\u00e1, Jos\u00e9 Ra\u00fal Mulino, recibe en su despacho a Secretaria de Seguridad de EE.UU., Kristi Noem"},"content":{"rendered":"<p><em><strong>El Presidente de la Rep\u00fablica de Panam\u00e1, Jos\u00e9 Ra\u00fal Mulino, recibi\u00f3 este martes, 24 de junio, en su despacho, a Kristi Noem, Secretaria de Seguridad de EE.UU., al embajador de Estados, Unidos, Kevin Marino Cabrera y Corey Lewandowski, Jefe de Gabinete.<\/strong><\/em><\/p>\n<p><strong>Para esta ocasi\u00f3n, les acompa\u00f1\u00f3 el Ministro de Relaciones Exteriores de Panam\u00e1, Javier Mart\u00ednez-Acha, quien fue el encargado de recibir a Noem, al momento de su llegada, en el Palacio de Las Garzas.<\/strong><\/p>\n<p><strong>Durante este encuentro, estas autoridades abordaron temas de inter\u00e9s para ambas naciones.<\/strong><\/p>\n<p><strong>Acorde a la agenda de visita en Panam\u00e1, se espera que Kristi Noem, observe entre otras cosas, un vuelo de repatriaci\u00f3n. Posteriormente, realizar\u00e1 una visita al buque Escanaba, de la Guardia Costera estadounidense.<\/strong><\/p>\n<p><strong>La Secretaria de Seguridad de EE.UU., Kristi Noem, estar\u00e1 en Panam\u00e1, hasta este mi\u00e9rcoles, 25 de junio, para despu\u00e9s continuar su gira.<\/strong><\/p>\n","protected":false},"excerpt":{"rendered":"<p>El Presidente de la Rep\u00fablica de Panam\u00e1, Jos\u00e9 Ra\u00fal Mulino, recibi\u00f3 este martes, 24 de junio, en su despacho, a Kristi Noem, Secretaria de Seguridad de EE.UU., a&#8230;<\/p>\n","protected":false},"author":9,"featured_media":109258,"comment_status":"closed","ping_status":"closed","sticky":false,"template":"","format":"standard","meta":{"footnotes":""},"categories":[2],"tags":[],"class_list":["post-109257","post","type-post","status-publish","format-standard","has-post-thumbnail","hentry","category-nacionales"],"_links":{"self":[{"href":"https:\/\/sertv.gob.pa\/nacionalfm\/wp-json\/wp\/v2\/posts\/109257","targetHints":{"allow":["GET"]}}],"collection":[{"href":"https:\/\/sertv.gob.pa\/nacionalfm\/wp-json\/wp\/v2\/posts"}],"about":[{"href":"https:\/\/sertv.gob.pa\/nacionalfm\/wp-json\/wp\/v2\/types\/post"}],"author":[{"embeddable":true,"href":"https:\/\/sertv.gob.pa\/nacionalfm\/wp-json\/wp\/v2\/users\/9"}],"replies":[{"embeddable":true,"href":"https:\/\/sertv.gob.pa\/nacionalfm\/wp-json\/wp\/v2\/comments?post=109257"}],"version-history":[{"count":3,"href":"https:\/\/sertv.gob.pa\/nacionalfm\/wp-json\/wp\/v2\/posts\/109257\/revisions"}],"predecessor-version":[{"id":109261,"href":"https:\/\/sertv.gob.pa\/nacionalfm\/wp-json\/wp\/v2\/posts\/109257\/revisions\/109261"}],"wp:featuredmedia":[{"embeddable":true,"href":"https:\/\/sertv.gob.pa\/nacionalfm\/wp-json\/wp\/v2\/media\/109258"}],"wp:attachment":[{"href":"https:\/\/sertv.gob.pa\/nacionalfm\/wp-json\/wp\/v2\/media?parent=109257"}],"wp:term":[{"taxonomy":"category","embeddable":true,"href":"https:\/\/sertv.gob.pa\/nacionalfm\/wp-json\/wp\/v2\/categories?post=109257"},{"taxonomy":"post_tag","embeddable":true,"href":"https:\/\/sertv.gob.pa\/nacionalfm\/wp-json\/wp\/v2\/tags?post=109257"}],"curies":[{"name":"wp","href":"https:\/\/api.w.org\/{rel}","templated":true}]}}