{"id":109277,"date":"2025-06-24T14:10:05","date_gmt":"2025-06-24T19:10:05","guid":{"rendered":"https:\/\/sertv.gob.pa\/nacionalfm\/?p=109277"},"modified":"2025-06-24T14:10:06","modified_gmt":"2025-06-24T19:10:06","slug":"autoridades-de-miambiente-interponen-denuncia-penal-ante-ministerio-publico-tras-la-contaminacion-y-muerte-de-peces-en-estero-de-alanje","status":"publish","type":"post","link":"https:\/\/sertv.gob.pa\/nacionalfm\/autoridades-de-miambiente-interponen-denuncia-penal-ante-ministerio-publico-tras-la-contaminacion-y-muerte-de-peces-en-estero-de-alanje\/","title":{"rendered":"Autoridades de MiAMBIENTE, interponen denuncia penal ante Ministerio P\u00fablico tras la contaminaci\u00f3n y muerte de peces en estero de Alanje"},"content":{"rendered":"<p><em><strong>Personal t\u00e9cnico de las secciones Verificaci\u00f3n del Desempe\u00f1o Ambiental y Biodiversidad de la Direcci\u00f3n Regional del Ministerio de Ambiente (MiAMBIENTE) Chiriqu\u00ed, inspeccion\u00f3 recientemente, el estero del distrito de Alanje, el cual ha sido afectado gravemente en su ecosistema, por presunta contaminaci\u00f3n y muerte de peces.<\/strong><\/em><\/p>\n<p><strong>Mediante la inspecci\u00f3n, se pudo confirmar la muerte masiva de ejemplares de Robalo (Centropomus robalito), Lisa de estero (Mugil curema) y Pastelera (Galinectes sp.), especies clave del ecosistema costero, que forman parte de la cadena alimenticia natural y de la econom\u00eda local.<\/strong><\/p>\n<p><strong>Ante la evidencia de un posible envenenamiento, ya sea por escorrent\u00eda de agroqu\u00edmicos desde sembrad\u00edos cercanos o por el uso intencional de sustancias t\u00f3xicas con fines de pesca, Representantes de MiAMBIENTE, han abierto un expediente administrativo y tambi\u00e9n interpusieron formal denuncia penal ante la Personer\u00eda Municipal del distrito de Alanje contra los que resulten responsables.<\/strong><\/p>\n<p><strong>\u201cNo toleraremos los da\u00f1os a la naturaleza. Actuaremos con firmeza para garantizar la protecci\u00f3n de nuestros recursos naturales y la salud de las comunidades costeras\u201d, enfatiz\u00f3 Ernesto Ponce, director regional de MiAMBIENTE en Chiriqu\u00ed.<\/strong><\/p>\n<p><strong>Para aportar a la investigaci\u00f3n, la cual iniciar\u00e1 el Ministerio P\u00fablico, los t\u00e9cnicos de MiAMBIENTE, efectuaron el levantamiento de informaci\u00f3n y toma de muestras, con el objetivo de esclarecer el origen del incidente y tambi\u00e9n, para determinar las medidas administrativas ante esta infracci\u00f3n ambiental.<\/strong><\/p>\n<p><strong>MiAMBIENTE ofrece una recompensa de $500 por informaci\u00f3n que permita dar con los responsables de este crimen ecol\u00f3gico. Adicionalmente, MiAMBIENTE hace un llamado a la ciudadan\u00eda a reportar cualquier actividad sospechosa o indicios de contaminaci\u00f3n ambiental al 311, en las redes de @MiAmbientePma o en las oficinas regionales m\u00e1s cercanas.<\/strong><\/p>\n<p><strong>\u201cNo vamos a descansar hasta que demos con el paradero de estos criminales ambientales. La conservaci\u00f3n de nuestros ecosistemas es una responsabilidad compartida que requiere del apoyo y participaci\u00f3n activa de los ciudadanos\u00bb, concluy\u00f3 Ponce.<\/strong><\/p>\n","protected":false},"excerpt":{"rendered":"<p>Personal t\u00e9cnico de las secciones Verificaci\u00f3n del Desempe\u00f1o Ambiental y Biodiversidad de la Direcci\u00f3n Regional del Ministerio de Ambiente (MiAMBIENTE) Chiriqu\u00ed&#8230;<\/p>\n","protected":false},"author":9,"featured_media":109278,"comment_status":"closed","ping_status":"closed","sticky":false,"template":"","format":"standard","meta":{"footnotes":""},"categories":[2],"tags":[],"class_list":["post-109277","post","type-post","status-publish","format-standard","has-post-thumbnail","hentry","category-nacionales"],"_links":{"self":[{"href":"https:\/\/sertv.gob.pa\/nacionalfm\/wp-json\/wp\/v2\/posts\/109277","targetHints":{"allow":["GET"]}}],"collection":[{"href":"https:\/\/sertv.gob.pa\/nacionalfm\/wp-json\/wp\/v2\/posts"}],"about":[{"href":"https:\/\/sertv.gob.pa\/nacionalfm\/wp-json\/wp\/v2\/types\/post"}],"author":[{"embeddable":true,"href":"https:\/\/sertv.gob.pa\/nacionalfm\/wp-json\/wp\/v2\/users\/9"}],"replies":[{"embeddable":true,"href":"https:\/\/sertv.gob.pa\/nacionalfm\/wp-json\/wp\/v2\/comments?post=109277"}],"version-history":[{"count":1,"href":"https:\/\/sertv.gob.pa\/nacionalfm\/wp-json\/wp\/v2\/posts\/109277\/revisions"}],"predecessor-version":[{"id":109279,"href":"https:\/\/sertv.gob.pa\/nacionalfm\/wp-json\/wp\/v2\/posts\/109277\/revisions\/109279"}],"wp:featuredmedia":[{"embeddable":true,"href":"https:\/\/sertv.gob.pa\/nacionalfm\/wp-json\/wp\/v2\/media\/109278"}],"wp:attachment":[{"href":"https:\/\/sertv.gob.pa\/nacionalfm\/wp-json\/wp\/v2\/media?parent=109277"}],"wp:term":[{"taxonomy":"category","embeddable":true,"href":"https:\/\/sertv.gob.pa\/nacionalfm\/wp-json\/wp\/v2\/categories?post=109277"},{"taxonomy":"post_tag","embeddable":true,"href":"https:\/\/sertv.gob.pa\/nacionalfm\/wp-json\/wp\/v2\/tags?post=109277"}],"curies":[{"name":"wp","href":"https:\/\/api.w.org\/{rel}","templated":true}]}}