{"id":109280,"date":"2025-06-25T08:03:17","date_gmt":"2025-06-25T13:03:17","guid":{"rendered":"https:\/\/sertv.gob.pa\/nacionalfm\/?p=109280"},"modified":"2025-06-25T08:03:19","modified_gmt":"2025-06-25T13:03:19","slug":"panama-y-estados-unidos-expresaron-interes-de-ambas-naciones-en-aumentar-la-cooperacion-en-seguridad","status":"publish","type":"post","link":"https:\/\/sertv.gob.pa\/nacionalfm\/panama-y-estados-unidos-expresaron-interes-de-ambas-naciones-en-aumentar-la-cooperacion-en-seguridad\/","title":{"rendered":"Panam\u00e1 y Estados Unidos expresaron inter\u00e9s de ambas naciones en aumentar la cooperaci\u00f3n en seguridad"},"content":{"rendered":"<div class=\"fusion-fullwidth fullwidth-box fusion-builder-row-1 fusion-flex-container has-pattern-background has-mask-background nonhundred-percent-fullwidth non-hundred-percent-height-scrolling\" style=\"--awb-border-radius-top-left:0px;--awb-border-radius-top-right:0px;--awb-border-radius-bottom-right:0px;--awb-border-radius-bottom-left:0px;--awb-flex-wrap:wrap;\" ><div class=\"fusion-builder-row fusion-row fusion-flex-align-items-flex-start fusion-flex-content-wrap\" style=\"max-width:1144px;margin-left: calc(-4% \/ 2 );margin-right: calc(-4% \/ 2 );\"><div class=\"fusion-layout-column fusion_builder_column fusion-builder-column-0 fusion_builder_column_1_1 1_1 fusion-flex-column\" style=\"--awb-bg-size:cover;--awb-width-large:100%;--awb-margin-top-large:0px;--awb-spacing-right-large:1.92%;--awb-margin-bottom-large:20px;--awb-spacing-left-large:1.92%;--awb-width-medium:100%;--awb-order-medium:0;--awb-spacing-right-medium:1.92%;--awb-spacing-left-medium:1.92%;--awb-width-small:100%;--awb-order-small:0;--awb-spacing-right-small:1.92%;--awb-spacing-left-small:1.92%;\"><div class=\"fusion-column-wrapper fusion-column-has-shadow fusion-flex-justify-content-flex-start fusion-content-layout-column\"><div class=\"fusion-text fusion-text-1\" style=\"--awb-content-alignment:justify;\"><p><em><strong>El presidente de la Rep\u00fablica de Panam\u00e1, Jos\u00e9 Ra\u00fal Mulino, recibi\u00f3 este martes, a la secretaria de Seguridad Nacional de Estados Unidos, Kristi Noem, quien expres\u00f3 el agradecimiento del Gobierno de su pa\u00eds a Panam\u00e1, por haber logrado detener el flujo de migrantes irregulares en Dari\u00e9n, y a la vez, manifest\u00f3 el inter\u00e9s de estrechar la cooperaci\u00f3n bilateral en materia de seguridad.<\/strong><\/em><\/p>\n<p><strong>Para esta visita, Noem, lleg\u00f3 al Palacio de las Garzas en compa\u00f1\u00eda del embajador de Estados Unidos en Panam\u00e1, Kevin Marino Cabrera, y su equipo de asesores, donde fue recibida por el canciller de la Rep\u00fablica de Panam\u00e1, Javier Mart\u00ednez-Acha.<\/strong><\/p>\n<p><strong>Inicialmente, Mulino y la secretaria Noem, conversaron en el despacho presidencial, para despu\u00e9s sostener una reuni\u00f3n ampliada con sus equipos de trabajo en el sal\u00f3n del Consejo de Gabinete.<\/strong><\/p>\n<p><strong>Durante la reuni\u00f3n, el presidente Mulino, estuvo acompa\u00f1ado adem\u00e1s del canciller, por el ministro de Seguridad P\u00fablica, Frank \u00c1brego; el director del Servicio Nacional de Migraci\u00f3n, Roger Mojica; y Manuel Moreno, del Consejo de Seguridad.<\/strong><\/p>\n<p><strong>Noem, destac\u00f3 que, el Gobierno del presidente Donald Trump, est\u00e1 agradecido por el trabajo de la administraci\u00f3n Mulino en el combate a la migraci\u00f3n ilegal.<\/strong><\/p>\n<p><strong>Por su parte, Mulino, sostuvo que, es el inter\u00e9s de Panam\u00e1 cooperar con Estados Unidos en temas de seguridad e inteligencia para enfrentar el crimen organizado, el narcotr\u00e1fico y el terrorismo internacional.<\/strong><\/p>\n<p><strong>Los equipos, estudiaron alternativas para hacer m\u00e1s expeditos los vuelos de repatriaci\u00f3n de migrantes hacia sus respectivos pa\u00edses, con \u00e9nfasis en Venezuela, cuyos nacionales componen el 94% de los migrantes irregulares que no pudieron entrar a Estados Unidos, y que han llegado a Panam\u00e1 en flujo Norte-Sur.<\/strong><\/p>\n<p><strong>Igualmente, se plante\u00f3 la posibilidad de que Estados Unidos colabore con Panam\u00e1, con tecnolog\u00eda y acceso a sus bases de datos para mejorar la seguridad en los aeropuertos, con el fin de detectar a personas buscadas por cr\u00edmenes.<\/strong><\/p>\n<p><strong>De igual modo, se expres\u00f3 el inter\u00e9s de Panam\u00e1, en obtener m\u00e1s equipo y tecnolog\u00eda de Estados Unidos para el patrullaje de sus costas.<\/strong><\/p>\n<\/div><\/div><\/div><\/div><\/div>\n","protected":false},"excerpt":{"rendered":"<p>&#8230;<\/p>\n","protected":false},"author":9,"featured_media":109281,"comment_status":"closed","ping_status":"closed","sticky":false,"template":"","format":"standard","meta":{"footnotes":""},"categories":[2],"tags":[],"class_list":["post-109280","post","type-post","status-publish","format-standard","has-post-thumbnail","hentry","category-nacionales"],"_links":{"self":[{"href":"https:\/\/sertv.gob.pa\/nacionalfm\/wp-json\/wp\/v2\/posts\/109280","targetHints":{"allow":["GET"]}}],"collection":[{"href":"https:\/\/sertv.gob.pa\/nacionalfm\/wp-json\/wp\/v2\/posts"}],"about":[{"href":"https:\/\/sertv.gob.pa\/nacionalfm\/wp-json\/wp\/v2\/types\/post"}],"author":[{"embeddable":true,"href":"https:\/\/sertv.gob.pa\/nacionalfm\/wp-json\/wp\/v2\/users\/9"}],"replies":[{"embeddable":true,"href":"https:\/\/sertv.gob.pa\/nacionalfm\/wp-json\/wp\/v2\/comments?post=109280"}],"version-history":[{"count":1,"href":"https:\/\/sertv.gob.pa\/nacionalfm\/wp-json\/wp\/v2\/posts\/109280\/revisions"}],"predecessor-version":[{"id":109282,"href":"https:\/\/sertv.gob.pa\/nacionalfm\/wp-json\/wp\/v2\/posts\/109280\/revisions\/109282"}],"wp:featuredmedia":[{"embeddable":true,"href":"https:\/\/sertv.gob.pa\/nacionalfm\/wp-json\/wp\/v2\/media\/109281"}],"wp:attachment":[{"href":"https:\/\/sertv.gob.pa\/nacionalfm\/wp-json\/wp\/v2\/media?parent=109280"}],"wp:term":[{"taxonomy":"category","embeddable":true,"href":"https:\/\/sertv.gob.pa\/nacionalfm\/wp-json\/wp\/v2\/categories?post=109280"},{"taxonomy":"post_tag","embeddable":true,"href":"https:\/\/sertv.gob.pa\/nacionalfm\/wp-json\/wp\/v2\/tags?post=109280"}],"curies":[{"name":"wp","href":"https:\/\/api.w.org\/{rel}","templated":true}]}}