{"id":109289,"date":"2025-06-25T08:57:35","date_gmt":"2025-06-25T13:57:35","guid":{"rendered":"https:\/\/sertv.gob.pa\/nacionalfm\/?p=109289"},"modified":"2025-06-25T08:59:46","modified_gmt":"2025-06-25T13:59:46","slug":"gabinete-traspasa-lote-a-favor-de-la-diocesis-de-colon-y-kuna-yala","status":"publish","type":"post","link":"https:\/\/sertv.gob.pa\/nacionalfm\/gabinete-traspasa-lote-a-favor-de-la-diocesis-de-colon-y-kuna-yala\/","title":{"rendered":"Gabinete traspasa lote a favor de la Di\u00f3cesis de Col\u00f3n y Kuna Yala"},"content":{"rendered":"<p><strong>Otro de los resultados del Consejo de Gabinete de Panam\u00e1 de este martes, es que a trav\u00e9s de la Resoluci\u00f3n de Gabinete No.63, se ha autorizado que la Unidad Administrativa de Bienes Revertidos del Ministerio de Econom\u00eda y Finanzas (MEF) traspase, a t\u00edtulo de donaci\u00f3n, el lote de terreno No.7, en el sector de Margarita, corregimiento de Crist\u00f3bal, provincia de Col\u00f3n, a favor de la Di\u00f3cesis de Col\u00f3n &#8211; Kuna Yala.<\/strong><\/p>\n<p><strong>Se trata de un terreno de una hect\u00e1rea + 9,854.40 m2 con un valor estimado de B\/.4,219,060.00.<\/strong><\/p>\n<p><strong>Cabe resaltar que este terreno, se destinar\u00e1 a conducir actividades parroquiales, para la residencia del cl\u00e9rigo asignado a la parroquia y para servicios religiosos y otras actividades relacionadas con la organizaci\u00f3n religiosa.<\/strong><\/p>\n","protected":false},"excerpt":{"rendered":"<p>Otro de los resultados del Consejo de Gabinete de Panam\u00e1, de este martes, es que a trav\u00e9s de la Resoluci\u00f3n de Gabinete No.63, se ha autorizado que la Unidad Adm&#8230;<\/p>\n","protected":false},"author":9,"featured_media":109290,"comment_status":"closed","ping_status":"closed","sticky":false,"template":"","format":"standard","meta":{"footnotes":""},"categories":[2],"tags":[],"class_list":["post-109289","post","type-post","status-publish","format-standard","has-post-thumbnail","hentry","category-nacionales"],"_links":{"self":[{"href":"https:\/\/sertv.gob.pa\/nacionalfm\/wp-json\/wp\/v2\/posts\/109289","targetHints":{"allow":["GET"]}}],"collection":[{"href":"https:\/\/sertv.gob.pa\/nacionalfm\/wp-json\/wp\/v2\/posts"}],"about":[{"href":"https:\/\/sertv.gob.pa\/nacionalfm\/wp-json\/wp\/v2\/types\/post"}],"author":[{"embeddable":true,"href":"https:\/\/sertv.gob.pa\/nacionalfm\/wp-json\/wp\/v2\/users\/9"}],"replies":[{"embeddable":true,"href":"https:\/\/sertv.gob.pa\/nacionalfm\/wp-json\/wp\/v2\/comments?post=109289"}],"version-history":[{"count":4,"href":"https:\/\/sertv.gob.pa\/nacionalfm\/wp-json\/wp\/v2\/posts\/109289\/revisions"}],"predecessor-version":[{"id":109296,"href":"https:\/\/sertv.gob.pa\/nacionalfm\/wp-json\/wp\/v2\/posts\/109289\/revisions\/109296"}],"wp:featuredmedia":[{"embeddable":true,"href":"https:\/\/sertv.gob.pa\/nacionalfm\/wp-json\/wp\/v2\/media\/109290"}],"wp:attachment":[{"href":"https:\/\/sertv.gob.pa\/nacionalfm\/wp-json\/wp\/v2\/media?parent=109289"}],"wp:term":[{"taxonomy":"category","embeddable":true,"href":"https:\/\/sertv.gob.pa\/nacionalfm\/wp-json\/wp\/v2\/categories?post=109289"},{"taxonomy":"post_tag","embeddable":true,"href":"https:\/\/sertv.gob.pa\/nacionalfm\/wp-json\/wp\/v2\/tags?post=109289"}],"curies":[{"name":"wp","href":"https:\/\/api.w.org\/{rel}","templated":true}]}}